{"id":118,"date":"2010-05-21T12:32:22","date_gmt":"2010-05-21T12:32:22","guid":{"rendered":"http:\/\/www.kirchner-immobilienbewertung.de\/blog\/?p=118"},"modified":"2020-11-19T16:06:17","modified_gmt":"2020-11-19T16:06:17","slug":"hamburgs-elbphilharmonie-aerger-und-kein-ende","status":"publish","type":"post","link":"https:\/\/www.kirchner-immobilienbewertung.de\/blog\/hamburgs-elbphilharmonie-aerger-und-kein-ende","title":{"rendered":"Hamburgs Elbphilharmonie \u2014 \u00c4rger und kein Ende?"},"content":{"rendered":"<p>Der Hamburger Senat d\u00fcrfte wohl befreit aufatmen, wenn die Hamburger Elbphilharmonie irgendwann endlich fertig gebaut worden ist. Wann genau das sein wird, ist allerdings weiterhin ungewiss. Die geplanten Baukosten sind inzwischen von einstmals etwa 77 Millionen Euro auf ungef\u00e4hr 500 Millionen Euro angewachsen. Ein Untersuchungsausschuss durchleuchtet derzeit die Gr\u00fcnde f\u00fcr die Kostenexplosion. Und nun tauchen Meldungen in den Medien auf, dass es aktuell Baum\u00e4ngel beim Projekt g\u00e4be. Das ersehnte Happyend scheint f\u00fcr Hamburg noch in weiter Ferne zu liegen.<\/p>\n<h3><strong>Philharmonie mit \u201eWow-Effekt\u201c<\/strong><\/h3>\n<p>\u201eWir wollen in allen Bereichen den \u201eWow-Effekt\u201c. Mit diesen Worten zitierte das Hamburger Abendblatt am zwanzigsten Mai Christoph Becher, den Referenten des Elbphilharmonie-Intendanten Christoph Lieben-Seutter. Gemeint hat Christoph Becher den Neubau der Hamburger Elbphilharmonie. Auch Lieben-Seutter selbst kommt im Artikel zu Wort. Er spricht von der Architektur des Baus, die von Anfang an Spitze gewesen sei, von Top-Akustik und vom Programm, das gemeinsam mit den anderen beiden Komponenten zum Schl\u00fcssel zur Weltklasse der Elbphilharmonie werden soll. Gro\u00dfes ist geplant. Ganz Gro\u00dfes.<\/p>\n<h3><strong>M\u00f6gliche Baum\u00e4ngel ohne \u201eWow-Effekt\u201c<\/strong><\/h3>\n<p>Etwas andere T\u00f6ne schlug einige Tage zuvor das Magazin Focus an. Baum\u00e4ngel, so das Magazin, k\u00f6nnten das Gro\u00dfprojekt weiter verteuern. Laut der Generalplaner Jacques Herzog und Pierre de Meuron soll es Sicherheitsm\u00e4ngel bei tragenden Teilen und M\u00e4ngel beim Beton der \u00e4u\u00dferen W\u00e4nde geben. Mittlerweile \u2014 so Focus \u2014 habe die Realisierungsgesellschaft einen Baustopp verh\u00e4ngt, damit die Sch\u00e4den behoben werden k\u00f6nnen. Das f\u00fcr die Elbphilharmonie verantwortliche Bauunternehmen ist das Unternehmen Hochtief aus Essen. Es versicherte inzwischen, dass die Kritikpunkte \u201eabgearbeitet\u201c seien und mit einem hohen Qualit\u00e4tsstandard behoben w\u00fcrden. Das w\u00e4re wohl auch gut so: Die Frage bleibt aber dennoch im Raum, warum es soweit kommen musste, dass es \u00fcberhaupt etwas abzuarbeiten gibt?<\/p>\n<h3><strong>Die Frage nach dem \u201ewann\u201c<\/strong><\/h3>\n<p>Grundsteinlegung f\u00fcr die Elbphilharmonie war der zweite April 2007. Ein neues Wahrzeichen Hamburgs, ein Touristenmagnet soll sie werden, schreibt die Stadt selbst in ihrem offiziellen Stadtportal. Viel teurer als geplant wird dieser Magnet in jedem Fall und in Zeiten von Rettungspaketen ist das wohl noch weitaus schlechter als sonst. Aber vielleicht wird ja irgendwann alles gut: Hamburg hat eine florierende neue Philharmonie und kann die Vergangenheit vergessen? Der Termin der offiziellen Fertigstellung des Baus liegt laut der Seite Elbphilharmonie-Bau.de noch immer im Mai 2012. Mittlerweile ist allerdings auch das Jahr 2013 als Abschlusstermin im Gespr\u00e4ch. Dem Hamburger Amtsgericht liegt derzeit eine Klage des Senats gegen Hochtief vor. Der m\u00f6chte Hochtief zwingen, einen definitiven Termin f\u00fcr den Abschluss des Bauprojekts zu nennen. Das d\u00fcrfte dem Unternehmen angesichts nicht geplanter und nach Medienberichten selbst verschuldeter Sanierungsarbeiten nicht unbedingt leichter als zuvor fallen.<\/p>\n","protected":false},"excerpt":{"rendered":"<p>Der Hamburger Senat d\u00fcrfte wohl befreit aufatmen, wenn die Hamburger Elbphilharmonie irgendwann endlich fertig gebaut worden ist. Wann genau das sein wird, ist allerdings weiterhin ungewiss. Die geplanten Baukosten sind inzwischen von einstmals etwa 77 Millionen Euro auf ungef\u00e4hr 500 Millionen Euro angewachsen. Ein Untersuchungsausschuss durchleuchtet derzeit die Gr\u00fcnde f\u00fcr die Kostenexplosion. Und nun tauchen [&hellip;]<\/p>\n","protected":false},"author":2,"featured_media":2405,"comment_status":"open","ping_status":"open","sticky":false,"template":"","format":"standard","meta":{"ocean_post_layout":"","ocean_both_sidebars_style":"","ocean_both_sidebars_content_width":0,"ocean_both_sidebars_sidebars_width":0,"ocean_sidebar":"0","ocean_second_sidebar":"0","ocean_disable_margins":"enable","ocean_add_body_class":"","ocean_shortcode_before_top_bar":"","ocean_shortcode_after_top_bar":"","ocean_shortcode_before_header":"","ocean_shortcode_after_header":"","ocean_has_shortcode":"","ocean_shortcode_after_title":"","ocean_shortcode_before_footer_widgets":"","ocean_shortcode_after_footer_widgets":"","ocean_shortcode_before_footer_bottom":"","ocean_shortcode_after_footer_bottom":"","ocean_display_top_bar":"default","ocean_display_header":"default","ocean_header_style":"","ocean_center_header_left_menu":"0","ocean_custom_header_template":"0","ocean_custom_logo":0,"ocean_custom_retina_logo":0,"ocean_custom_logo_max_width":0,"ocean_custom_logo_tablet_max_width":0,"ocean_custom_logo_mobile_max_width":0,"ocean_custom_logo_max_height":0,"ocean_custom_logo_tablet_max_height":0,"ocean_custom_logo_mobile_max_height":0,"ocean_header_custom_menu":"0","ocean_menu_typo_font_family":"0","ocean_menu_typo_font_subset":"","ocean_menu_typo_font_size":0,"ocean_menu_typo_font_size_tablet":0,"ocean_menu_typo_font_size_mobile":0,"ocean_menu_typo_font_size_unit":"px","ocean_menu_typo_font_weight":"","ocean_menu_typo_font_weight_tablet":"","ocean_menu_typo_font_weight_mobile":"","ocean_menu_typo_transform":"","ocean_menu_typo_transform_tablet":"","ocean_menu_typo_transform_mobile":"","ocean_menu_typo_line_height":0,"ocean_menu_typo_line_height_tablet":0,"ocean_menu_typo_line_height_mobile":0,"ocean_menu_typo_line_height_unit":"","ocean_menu_typo_spacing":0,"ocean_menu_typo_spacing_tablet":0,"ocean_menu_typo_spacing_mobile":0,"ocean_menu_typo_spacing_unit":"","ocean_menu_link_color":"","ocean_menu_link_color_hover":"","ocean_menu_link_color_active":"","ocean_menu_link_background":"","ocean_menu_link_hover_background":"","ocean_menu_link_active_background":"","ocean_menu_social_links_bg":"","ocean_menu_social_hover_links_bg":"","ocean_menu_social_links_color":"","ocean_menu_social_hover_links_color":"","ocean_disable_title":"default","ocean_disable_heading":"default","ocean_post_title":"","ocean_post_subheading":"","ocean_post_title_style":"","ocean_post_title_background_color":"","ocean_post_title_background":0,"ocean_post_title_bg_image_position":"","ocean_post_title_bg_image_attachment":"","ocean_post_title_bg_image_repeat":"","ocean_post_title_bg_image_size":"","ocean_post_title_height":0,"ocean_post_title_bg_overlay":0.5,"ocean_post_title_bg_overlay_color":"","ocean_disable_breadcrumbs":"default","ocean_breadcrumbs_color":"","ocean_breadcrumbs_separator_color":"","ocean_breadcrumbs_links_color":"","ocean_breadcrumbs_links_hover_color":"","ocean_display_footer_widgets":"default","ocean_display_footer_bottom":"default","ocean_custom_footer_template":"0","ocean_post_oembed":"","ocean_post_self_hosted_media":"","ocean_post_video_embed":"","ocean_link_format":"","ocean_link_format_target":"self","ocean_quote_format":"","ocean_quote_format_link":"post","ocean_gallery_link_images":"off","ocean_gallery_id":[],"footnotes":""},"categories":[13],"tags":[153,150,45,149,152,151],"class_list":["post-118","post","type-post","status-publish","format-standard","has-post-thumbnail","hentry","category-gewerbeimmobilien","tag-baumaengel","tag-elbphilharmonie","tag-hamburg","tag-hamburger-elbphilharmonie","tag-hamburger-senat","tag-hochtief","entry","has-media"],"aioseo_notices":[],"_links":{"self":[{"href":"https:\/\/www.kirchner-immobilienbewertung.de\/blog\/wp-json\/wp\/v2\/posts\/118","targetHints":{"allow":["GET"]}}],"collection":[{"href":"https:\/\/www.kirchner-immobilienbewertung.de\/blog\/wp-json\/wp\/v2\/posts"}],"about":[{"href":"https:\/\/www.kirchner-immobilienbewertung.de\/blog\/wp-json\/wp\/v2\/types\/post"}],"author":[{"embeddable":true,"href":"https:\/\/www.kirchner-immobilienbewertung.de\/blog\/wp-json\/wp\/v2\/users\/2"}],"replies":[{"embeddable":true,"href":"https:\/\/www.kirchner-immobilienbewertung.de\/blog\/wp-json\/wp\/v2\/comments?post=118"}],"version-history":[{"count":2,"href":"https:\/\/www.kirchner-immobilienbewertung.de\/blog\/wp-json\/wp\/v2\/posts\/118\/revisions"}],"predecessor-version":[{"id":2876,"href":"https:\/\/www.kirchner-immobilienbewertung.de\/blog\/wp-json\/wp\/v2\/posts\/118\/revisions\/2876"}],"wp:featuredmedia":[{"embeddable":true,"href":"https:\/\/www.kirchner-immobilienbewertung.de\/blog\/wp-json\/wp\/v2\/media\/2405"}],"wp:attachment":[{"href":"https:\/\/www.kirchner-immobilienbewertung.de\/blog\/wp-json\/wp\/v2\/media?parent=118"}],"wp:term":[{"taxonomy":"category","embeddable":true,"href":"https:\/\/www.kirchner-immobilienbewertung.de\/blog\/wp-json\/wp\/v2\/categories?post=118"},{"taxonomy":"post_tag","embeddable":true,"href":"https:\/\/www.kirchner-immobilienbewertung.de\/blog\/wp-json\/wp\/v2\/tags?post=118"}],"curies":[{"name":"wp","href":"https:\/\/api.w.org\/{rel}","templated":true}]}}