{"id":1245,"date":"2012-04-27T13:06:32","date_gmt":"2012-04-27T13:06:32","guid":{"rendered":"http:\/\/www.kirchner-immobilienbewertung.de\/blog\/?p=1245"},"modified":"2020-11-18T18:37:23","modified_gmt":"2020-11-18T18:37:23","slug":"das-marstallcenter-zu-viele-koche-verderben-das-geschaft","status":"publish","type":"post","link":"https:\/\/www.kirchner-immobilienbewertung.de\/blog\/das-marstallcenter-zu-viele-koche-verderben-das-geschaft","title":{"rendered":"Marstall-Center &#8211; viele K\u00f6che verderben das Gesch\u00e4ft?"},"content":{"rendered":"<p style=\"text-align: justify\">Es gibt auch noch andere Shoppingcenter in Deutschland, die \u00fcber Probleme klagen. Aber in gewisser Weise ist das Marstall-Center im <a href=\"https:\/\/www.kirchner-immobilienbewertung.de\/immobiliengutachter-baden-wuerttemberg\">baden-w\u00fcrttembergischen<\/a> <a href=\"https:\/\/www.kirchner-immobilienbewertung.de\/immobiliengutachter-ludwigsburg\">Ludwigsburg<\/a> schon etwas Besonderes, denn die Eigentums-Verh\u00e4ltnisse sind kompliziert. Gro\u00dfe Teile des \u00fcber Leerstand klagenden Centers geh\u00f6ren drei Fonds-Gesellschaften, kleinere Teile H\u00e4ndlern. So kommt man auf \u00fcber drei\u00dfig Parteien, die sich f\u00fcr eine Zukunft des Centers irgendwie zusammenraufen m\u00fcssten. Da das extrem schwierig ist, m\u00f6chte die Stadt jetzt als Vermittler auftreten und endlich daf\u00fcr sorgen, dass alle Fl\u00e4chen in eine Hand kommen. Es ist die letzte Chance f\u00fcr das Center, zitiert die Ludwigsburger Kreiszeitung den Oberb\u00fcrgermeister der Stadt, Werner Spec. Aber ein interessierter Investor muss erst einmal gefunden werden.<\/p>\n<h3 style=\"text-align: justify\">Ein einsamer architektonischer S\u00fcndenfall<\/h3>\n<p style=\"text-align: justify\">Das Marstall-Center ist in die Jahre gekommen. Gebaut wurde es von 1972 bis 1975. Kritik hat das Bauwerk mit seinen bis zu f\u00fcnfzehn Etagen hohen Aufbauten, in denen unter anderem B\u00fcros und Praxen Platz finden, bereits fr\u00fch hervorgerufen. Es passe nicht in Ludwigsburgs Stadtbild, hie\u00df es beispielsweise. Vielen f\u00e4llt es schwer, etwas architektonisch Reizvolles beim Marstall-Center zu entdecken. Aber selbst, wenn manche (Viele? Alle?) das Marstall-Center f\u00fcr eine architektonische S\u00fcnde halten: Das ist wohl nicht das Hauptproblem des Centers. Das Hauptproblem hei\u00dft Leerstand. Im M\u00e4rz 2010 ging Karstadt und machte 9.000 m\u00b2 der 22.000 m\u00b2 zur \u00d6de. Tengelmann hatte das Marstall-Center bereits zuvor verlassen. Schlecker ist mittlerweile auch weg, C&amp;A wird ebenfalls gehen und der Internetauftritt des Marstall-Centers verbreitet mittlerweile genau jene \u00d6de, die das Center selbst ausstrahlt: Sie besteht aus einer einzigen Seite mit einer Aufz\u00e4hlung der verbliebenen Gesch\u00e4fte. Mittendrin findet man dort noch das C&amp;A-Logo, was fast schon wie eine Erinnerung an bessere Zeiten aussieht.<\/p>\n<h3 style=\"text-align: justify\">Viele Eigent\u00fcmer sprechen auch mit vielen&nbsp;Stimmen<\/h3>\n<p style=\"text-align: justify\">Es gibt Hoffnung. Immerhin bescheinigte ein Gutachten dem Marstall-Center hervorragende \u201eRevitalisierungs-Chancen\u201c. Eine Revitalisierung funktioniert aber wohl nur dann, wenn aus den zahlreichen Eigent\u00fcmern des Marstall-Plans ein einziger wird. Das ist aber nicht ganz einfach. Die Eigent\u00fcmer m\u00fcssten sich einig werden und die Fl\u00e4chen zu einem Preis anbieten, der Investoren lockt. Zu denjenigen, mit denen eine L\u00f6sung gefunden werden m\u00fcsste, geh\u00f6ren das Highstreet Konsortium als Eigent\u00fcmer der Ex-Karstadtfl\u00e4chen, sowie die Investoren-Gesellschaft Aerium, der die C&amp;A-Fl\u00e4che geh\u00f6rt. Weitere Eigent\u00fcmer sind die <a href=\"http:\/\/www.larmag.com\/\">Larmarg-Gruppe<\/a> aus den <a href=\"https:\/\/www.kirchner-immobilienbewertung.de\/blog\/leerstand-beseitigen-die-niederlaender-kommen\">Niederlanden<\/a> sowie eine ganze Reihe kleiner H\u00e4ndler und Banken. Da scheint das Sprichwort von den vielen K\u00f6chen, die den Brei verderben, durchaus zu passen.<\/p>\n<h3 style=\"text-align: justify\">Wichtige Aufgaben f\u00fcr potenzielle Investoren<\/h3>\n<p style=\"text-align: justify\">Die Verhandlungen der Eigent\u00fcmer zum gemeinsamen Verkauf an einen Investor, entwickeln sich z\u00e4hfl\u00fcssig. Hinzu kommt einerseits, dass der m\u00f6gliche Investor wohl erst einmal investieren m\u00fcsste, um dem Center eine neue Chance zu geben. Die bisherigen Gro\u00dfeigent\u00fcmer h\u00e4tten tatenlos zugesehen, wie das Geb\u00e4ude zur Bruchbude verkommt, wird der Ludwigsburger B\u00fcrgermeister Hans Schmid im Mai 2011 in der Stuttgarter Zeitung zitiert. Frank Ritschek von der Marstall Verwaltungsgesellschaft sch\u00e4tzt allerdings, dass bereits zehn Millionen Euro ausreichen k\u00f6nnten, um dem Marstall-Center neues Leben einzuhauchen. Andererseits gibt es mit dem 40.000 m\u00b2 gro\u00dfen &#8222;Breuningerland&#8220; Center und der etwa 14.000 m\u00b2 gro\u00dfen Wilhelm-Galerie starke Konkurrenz gibt, gegen die man sich mit dem Marstall-Center erst einmal behaupten muss. Nicht ganz einfach.<\/p>\n<h3 style=\"text-align: justify\">Noch gibt es eine Chance<\/h3>\n<p style=\"text-align: justify\">Die Stadt Ludwigsburg hat das Marstall-Center noch nicht aufgegeben. Um als Vermittler aufzutreten und die Eigent\u00fcmer doch noch irgendwie zu einigen, hat die Stadt jetzt beschlossen, eine eigene Gesellschaft zu gr\u00fcnden, die sich der Aufgabe annimmt. M\u00f6glicherweise findet sich durch Arbeit dieser neuen Gesellschaft ja doch noch ein Investor als Retter des Marstall-Centers? Skepsis und Hoffnung halten sich die Waage.<\/p>\n","protected":false},"excerpt":{"rendered":"<p>Es gibt auch noch andere Shoppingcenter in Deutschland, die \u00fcber Probleme klagen. Aber in gewisser Weise ist das Marstall-Center im baden-w\u00fcrttembergischen Ludwigsburg schon etwas Besonderes, denn die Eigentums-Verh\u00e4ltnisse sind kompliziert. Gro\u00dfe Teile des \u00fcber Leerstand klagenden Centers geh\u00f6ren drei Fonds-Gesellschaften, kleinere Teile H\u00e4ndlern. So kommt man auf \u00fcber drei\u00dfig Parteien, die sich f\u00fcr eine Zukunft [&hellip;]<\/p>\n","protected":false},"author":2,"featured_media":2454,"comment_status":"open","ping_status":"open","sticky":false,"template":"","format":"standard","meta":{"ocean_post_layout":"","ocean_both_sidebars_style":"","ocean_both_sidebars_content_width":0,"ocean_both_sidebars_sidebars_width":0,"ocean_sidebar":"0","ocean_second_sidebar":"0","ocean_disable_margins":"enable","ocean_add_body_class":"","ocean_shortcode_before_top_bar":"","ocean_shortcode_after_top_bar":"","ocean_shortcode_before_header":"","ocean_shortcode_after_header":"","ocean_has_shortcode":"","ocean_shortcode_after_title":"","ocean_shortcode_before_footer_widgets":"","ocean_shortcode_after_footer_widgets":"","ocean_shortcode_before_footer_bottom":"","ocean_shortcode_after_footer_bottom":"","ocean_display_top_bar":"default","ocean_display_header":"default","ocean_header_style":"","ocean_center_header_left_menu":"0","ocean_custom_header_template":"0","ocean_custom_logo":0,"ocean_custom_retina_logo":0,"ocean_custom_logo_max_width":0,"ocean_custom_logo_tablet_max_width":0,"ocean_custom_logo_mobile_max_width":0,"ocean_custom_logo_max_height":0,"ocean_custom_logo_tablet_max_height":0,"ocean_custom_logo_mobile_max_height":0,"ocean_header_custom_menu":"0","ocean_menu_typo_font_family":"0","ocean_menu_typo_font_subset":"","ocean_menu_typo_font_size":0,"ocean_menu_typo_font_size_tablet":0,"ocean_menu_typo_font_size_mobile":0,"ocean_menu_typo_font_size_unit":"px","ocean_menu_typo_font_weight":"","ocean_menu_typo_font_weight_tablet":"","ocean_menu_typo_font_weight_mobile":"","ocean_menu_typo_transform":"","ocean_menu_typo_transform_tablet":"","ocean_menu_typo_transform_mobile":"","ocean_menu_typo_line_height":0,"ocean_menu_typo_line_height_tablet":0,"ocean_menu_typo_line_height_mobile":0,"ocean_menu_typo_line_height_unit":"","ocean_menu_typo_spacing":0,"ocean_menu_typo_spacing_tablet":0,"ocean_menu_typo_spacing_mobile":0,"ocean_menu_typo_spacing_unit":"","ocean_menu_link_color":"","ocean_menu_link_color_hover":"","ocean_menu_link_color_active":"","ocean_menu_link_background":"","ocean_menu_link_hover_background":"","ocean_menu_link_active_background":"","ocean_menu_social_links_bg":"","ocean_menu_social_hover_links_bg":"","ocean_menu_social_links_color":"","ocean_menu_social_hover_links_color":"","ocean_disable_title":"default","ocean_disable_heading":"default","ocean_post_title":"","ocean_post_subheading":"","ocean_post_title_style":"","ocean_post_title_background_color":"","ocean_post_title_background":0,"ocean_post_title_bg_image_position":"","ocean_post_title_bg_image_attachment":"","ocean_post_title_bg_image_repeat":"","ocean_post_title_bg_image_size":"","ocean_post_title_height":0,"ocean_post_title_bg_overlay":0.5,"ocean_post_title_bg_overlay_color":"","ocean_disable_breadcrumbs":"default","ocean_breadcrumbs_color":"","ocean_breadcrumbs_separator_color":"","ocean_breadcrumbs_links_color":"","ocean_breadcrumbs_links_hover_color":"","ocean_display_footer_widgets":"default","ocean_display_footer_bottom":"default","ocean_custom_footer_template":"0","ocean_post_oembed":"","ocean_post_self_hosted_media":"","ocean_post_video_embed":"","ocean_link_format":"","ocean_link_format_target":"self","ocean_quote_format":"","ocean_quote_format_link":"post","ocean_gallery_link_images":"off","ocean_gallery_id":[],"footnotes":""},"categories":[13],"tags":[1345,1389,268,207,1390,1388,1382,1347],"class_list":["post-1245","post","type-post","status-publish","format-standard","has-post-thumbnail","hentry","category-gewerbeimmobilien","tag-einkaufscenter","tag-einkaufszentrum","tag-einzelhandel","tag-immobilien","tag-ludwigsburg","tag-marstall-center","tag-retail","tag-shoppingcenter","entry","has-media"],"aioseo_notices":[],"_links":{"self":[{"href":"https:\/\/www.kirchner-immobilienbewertung.de\/blog\/wp-json\/wp\/v2\/posts\/1245","targetHints":{"allow":["GET"]}}],"collection":[{"href":"https:\/\/www.kirchner-immobilienbewertung.de\/blog\/wp-json\/wp\/v2\/posts"}],"about":[{"href":"https:\/\/www.kirchner-immobilienbewertung.de\/blog\/wp-json\/wp\/v2\/types\/post"}],"author":[{"embeddable":true,"href":"https:\/\/www.kirchner-immobilienbewertung.de\/blog\/wp-json\/wp\/v2\/users\/2"}],"replies":[{"embeddable":true,"href":"https:\/\/www.kirchner-immobilienbewertung.de\/blog\/wp-json\/wp\/v2\/comments?post=1245"}],"version-history":[{"count":6,"href":"https:\/\/www.kirchner-immobilienbewertung.de\/blog\/wp-json\/wp\/v2\/posts\/1245\/revisions"}],"predecessor-version":[{"id":2455,"href":"https:\/\/www.kirchner-immobilienbewertung.de\/blog\/wp-json\/wp\/v2\/posts\/1245\/revisions\/2455"}],"wp:featuredmedia":[{"embeddable":true,"href":"https:\/\/www.kirchner-immobilienbewertung.de\/blog\/wp-json\/wp\/v2\/media\/2454"}],"wp:attachment":[{"href":"https:\/\/www.kirchner-immobilienbewertung.de\/blog\/wp-json\/wp\/v2\/media?parent=1245"}],"wp:term":[{"taxonomy":"category","embeddable":true,"href":"https:\/\/www.kirchner-immobilienbewertung.de\/blog\/wp-json\/wp\/v2\/categories?post=1245"},{"taxonomy":"post_tag","embeddable":true,"href":"https:\/\/www.kirchner-immobilienbewertung.de\/blog\/wp-json\/wp\/v2\/tags?post=1245"}],"curies":[{"name":"wp","href":"https:\/\/api.w.org\/{rel}","templated":true}]}}