{"id":1256,"date":"2012-05-06T15:33:18","date_gmt":"2012-05-06T15:33:18","guid":{"rendered":"http:\/\/www.kirchner-immobilienbewertung.de\/blog\/?p=1256"},"modified":"2020-11-18T18:26:13","modified_gmt":"2020-11-18T18:26:13","slug":"schaeffler-2-0-in-bamberg-autofrei-fur-alle-generationen","status":"publish","type":"post","link":"https:\/\/www.kirchner-immobilienbewertung.de\/blog\/schaeffler-2-0-in-bamberg-autofrei-fur-alle-generationen","title":{"rendered":"Schaeffler 2.0 in Bamberg &#8211; autofrei f\u00fcr alle Generationen"},"content":{"rendered":"<p style=\"text-align: justify;\">\u201eSchaeffler 2.0\u201c klingt ein bisschen nach der neuesten Version irgendeiner Software. Auch wenn die Assoziation m\u00f6glicherweise gewollt ist, f\u00fchrt sie in die Irre. \u201eSchaeffler 2.0\u201c ist vielmehr der Name eines geplanten Mehrgenerationen-Stadtteils in der <a href=\"https:\/\/www.kirchner-immobilienbewertung.de\/immobiliengutachter-bamberg\">bayerischen Stadt Bamberg<\/a>. Glaubt man dem Unternehmen Conwert Immobilien Invest SE, handelt es sich um den ersten autofreien Mehrgenerationen-Stadtteil Bayerns. F\u00fcr das Projekt gr\u00fcndete das Unternehmen vor kurzer Zeit ein Joint Venture mit der Denkmalneu GmbH.<\/p>\n<h3 style=\"text-align: justify;\">\u00dcber 100 Jahre Industriegeschichte<\/h3>\n<p style=\"text-align: justify;\">Wenn Schaeffler 2.0 der neue geplante Stadtteil in Bamberg ist, wird 1.0 wohl das ehemalige Industrieareal sein, auf dem der Stadtteil entsteht. Das gesamte Gel\u00e4nde ist etwa 5,3 Hektar gro\u00df und gilt als gr\u00f6\u00dfte Industriebrache nahe der Innenstadt Bambergs. Industrielle Produktion pr\u00e4gte das Areal \u00fcber ein Jahrhundert lang. 1885 entstand hier die die \u201eMechanische Seilerwarenfabrik AG\u201c, die sich 1963 aufl\u00f6ste. Anschlie\u00dfend kam der Teppichproduzent Schaeffler, der dem Areal seinen Namen gab. 1989 kauften Belgier Schaeffler auf und l\u00e4uteten das Ende der Produktion in Bamberg an. Danach passierte lange Zeit nicht sonderlich viel auf dem Areal. Nun soll mit Schaeffler 2.0 allerdings wieder Leben ins Areal zwischen J\u00e4ckstra\u00dfe, Lichtenhaidestra\u00dfe und Margaretendamm kommen.<\/p>\n<h3 style=\"text-align: justify;\">Die Zukunft auf dem Schaeffler-Areal<\/h3>\n<p style=\"text-align: justify;\">Insgesamt sollen 507 Wohnungen gebaut werden, wobei im ersten Bauabschnitt 122 Studenten-Wohnungen entstehen, die aktuell bereits gebaut werden und verkauft sind. Aber nicht nur Studenten sollen sich im neuen Stadtteil ansiedeln, schlie\u00dflich w\u00e4re der Name \u201eMehrgenerationen-Stadtteil\u201c dann kaum gerechtfertigt. F\u00fcr weitere Umnutzungen werden die denkmalgesch\u00fctzten Bestandsbauten genutzt und teils durch Anbauten erweitert. In der ehemaligen Fabrikhalle werden sechzig Lofts entstehen. Im ehemaligen Langbau der Seilerei wird Kleingewerbe die Nahversorgung der Bewohner im neuen Stadtviertel sichern. Aus den Backsteinhallen mit Shed-Dach werden Stadth\u00e4user, w\u00e4hrend die ehemalige Comptoirsvilla auf dem Areal voraussichtlich zuk\u00fcnftig als gemischte Wohn- und Gewerbefl\u00e4che dient. Geplant sind zudem unter anderem weitere Reihenh\u00e4user, Doppelh\u00e4user, ein zweites Studenten-Wohnheim sowie ein zentraler Platz als \u00f6ffentlicher Ort der Begegnung f\u00fcr die Bewohner. Geplant sind au\u00dferdem ein Aktiv- und ein Entspannungspark als Gr\u00fcnfl\u00e4chen f\u00fcrs Areal und auch der markante Turm, der als Wahrzeichen gilt, wird umgenutzt. Die Keller im Areal werden voraussichtlich in Parkfl\u00e4che f\u00fcr etwa 550 Autos umgewandelt, sodass das oberirdische Areal autofrei wird.<\/p>\n<h3 style=\"text-align: justify;\">Eine Online-Plattform f\u00fcr den Vertrieb<\/h3>\n<p style=\"text-align: justify;\">Das gesamte Projekt soll bis Anfang 2014 realisiert sein. Insgesamt wird das Vertriebs-Volumen aller geplanten Wohnungen bei etwa 100 Millionen Euro liegen. Conwert m\u00f6chte die weiteren Teilprojekte von Schaeffler 2.0 nach Fertigstellung des ersten Bauabschnitts und bei erfolgreichem Verkauf sukzessive bauen, um so das Risiko des Gesamtprojekts zu minimieren. Gemeinsam mit der Denkmalneu GmbH betreibt Conwert Immobilien Invest die Plattform Denkmalneu.com. Sie soll dem exklusiven Vertrieb der Wohnungen dienen, die beim Projekt Schaeffler 2.0 geplant sind. Dar\u00fcber hinaus sollen hier k\u00fcnftig bis zu 300 weitere Wohneinheiten pro Jahr vertrieben werden. \u201eMit dieser Allianz bauen wir unsere Vertriebsaktivit\u00e4ten in einem wichtigen Wachstumszentrum in Deutschland gezielt weiter aus\u201c, wird J\u00fcrgen F. Kelber, Gesch\u00e4ftsf\u00fchrender Direktor von Conwert, in der Pressemeldung des Unternehmens vom 27. April 2012 zitiert. Damit k\u00f6nnte sich eine Erfolg versprechende Kooperation etablieren. Bamberg kann sich derweil auf einen neuen Stadtteil freuen.<\/p>\n","protected":false},"excerpt":{"rendered":"<p>\u201eSchaeffler 2.0\u201c klingt ein bisschen nach der neuesten Version irgendeiner Software. Auch wenn die Assoziation m\u00f6glicherweise gewollt ist, f\u00fchrt sie in die Irre. \u201eSchaeffler 2.0\u201c ist vielmehr der Name eines geplanten Mehrgenerationen-Stadtteils in der bayerischen Stadt Bamberg. Glaubt man dem Unternehmen Conwert Immobilien Invest SE, handelt es sich um den ersten autofreien Mehrgenerationen-Stadtteil Bayerns. F\u00fcr [&hellip;]<\/p>\n","protected":false},"author":2,"featured_media":2448,"comment_status":"open","ping_status":"open","sticky":false,"template":"","format":"standard","meta":{"ocean_post_layout":"","ocean_both_sidebars_style":"","ocean_both_sidebars_content_width":0,"ocean_both_sidebars_sidebars_width":0,"ocean_sidebar":"0","ocean_second_sidebar":"0","ocean_disable_margins":"enable","ocean_add_body_class":"","ocean_shortcode_before_top_bar":"","ocean_shortcode_after_top_bar":"","ocean_shortcode_before_header":"","ocean_shortcode_after_header":"","ocean_has_shortcode":"","ocean_shortcode_after_title":"","ocean_shortcode_before_footer_widgets":"","ocean_shortcode_after_footer_widgets":"","ocean_shortcode_before_footer_bottom":"","ocean_shortcode_after_footer_bottom":"","ocean_display_top_bar":"default","ocean_display_header":"default","ocean_header_style":"","ocean_center_header_left_menu":"0","ocean_custom_header_template":"0","ocean_custom_logo":0,"ocean_custom_retina_logo":0,"ocean_custom_logo_max_width":0,"ocean_custom_logo_tablet_max_width":0,"ocean_custom_logo_mobile_max_width":0,"ocean_custom_logo_max_height":0,"ocean_custom_logo_tablet_max_height":0,"ocean_custom_logo_mobile_max_height":0,"ocean_header_custom_menu":"0","ocean_menu_typo_font_family":"0","ocean_menu_typo_font_subset":"","ocean_menu_typo_font_size":0,"ocean_menu_typo_font_size_tablet":0,"ocean_menu_typo_font_size_mobile":0,"ocean_menu_typo_font_size_unit":"px","ocean_menu_typo_font_weight":"","ocean_menu_typo_font_weight_tablet":"","ocean_menu_typo_font_weight_mobile":"","ocean_menu_typo_transform":"","ocean_menu_typo_transform_tablet":"","ocean_menu_typo_transform_mobile":"","ocean_menu_typo_line_height":0,"ocean_menu_typo_line_height_tablet":0,"ocean_menu_typo_line_height_mobile":0,"ocean_menu_typo_line_height_unit":"","ocean_menu_typo_spacing":0,"ocean_menu_typo_spacing_tablet":0,"ocean_menu_typo_spacing_mobile":0,"ocean_menu_typo_spacing_unit":"","ocean_menu_link_color":"","ocean_menu_link_color_hover":"","ocean_menu_link_color_active":"","ocean_menu_link_background":"","ocean_menu_link_hover_background":"","ocean_menu_link_active_background":"","ocean_menu_social_links_bg":"","ocean_menu_social_hover_links_bg":"","ocean_menu_social_links_color":"","ocean_menu_social_hover_links_color":"","ocean_disable_title":"default","ocean_disable_heading":"default","ocean_post_title":"","ocean_post_subheading":"","ocean_post_title_style":"","ocean_post_title_background_color":"","ocean_post_title_background":0,"ocean_post_title_bg_image_position":"","ocean_post_title_bg_image_attachment":"","ocean_post_title_bg_image_repeat":"","ocean_post_title_bg_image_size":"","ocean_post_title_height":0,"ocean_post_title_bg_overlay":0.5,"ocean_post_title_bg_overlay_color":"","ocean_disable_breadcrumbs":"default","ocean_breadcrumbs_color":"","ocean_breadcrumbs_separator_color":"","ocean_breadcrumbs_links_color":"","ocean_breadcrumbs_links_hover_color":"","ocean_display_footer_widgets":"default","ocean_display_footer_bottom":"default","ocean_custom_footer_template":"0","ocean_post_oembed":"","ocean_post_self_hosted_media":"","ocean_post_video_embed":"","ocean_link_format":"","ocean_link_format_target":"self","ocean_quote_format":"","ocean_quote_format_link":"post","ocean_gallery_link_images":"off","ocean_gallery_id":[],"footnotes":""},"categories":[13,1,14],"tags":[1400,1401,1402,1399,1011,1364,672,606],"class_list":["post-1256","post","type-post","status-publish","format-standard","has-post-thumbnail","hentry","category-gewerbeimmobilien","category-immobilien-allgemein","category-wohnimmobilien","tag-bamberg","tag-conwert","tag-denkmalneu","tag-schaeffler-2-0","tag-stadtquartier","tag-stadtteil","tag-wohnen","tag-wohnraum","entry","has-media"],"aioseo_notices":[],"_links":{"self":[{"href":"https:\/\/www.kirchner-immobilienbewertung.de\/blog\/wp-json\/wp\/v2\/posts\/1256","targetHints":{"allow":["GET"]}}],"collection":[{"href":"https:\/\/www.kirchner-immobilienbewertung.de\/blog\/wp-json\/wp\/v2\/posts"}],"about":[{"href":"https:\/\/www.kirchner-immobilienbewertung.de\/blog\/wp-json\/wp\/v2\/types\/post"}],"author":[{"embeddable":true,"href":"https:\/\/www.kirchner-immobilienbewertung.de\/blog\/wp-json\/wp\/v2\/users\/2"}],"replies":[{"embeddable":true,"href":"https:\/\/www.kirchner-immobilienbewertung.de\/blog\/wp-json\/wp\/v2\/comments?post=1256"}],"version-history":[{"count":2,"href":"https:\/\/www.kirchner-immobilienbewertung.de\/blog\/wp-json\/wp\/v2\/posts\/1256\/revisions"}],"predecessor-version":[{"id":2449,"href":"https:\/\/www.kirchner-immobilienbewertung.de\/blog\/wp-json\/wp\/v2\/posts\/1256\/revisions\/2449"}],"wp:featuredmedia":[{"embeddable":true,"href":"https:\/\/www.kirchner-immobilienbewertung.de\/blog\/wp-json\/wp\/v2\/media\/2448"}],"wp:attachment":[{"href":"https:\/\/www.kirchner-immobilienbewertung.de\/blog\/wp-json\/wp\/v2\/media?parent=1256"}],"wp:term":[{"taxonomy":"category","embeddable":true,"href":"https:\/\/www.kirchner-immobilienbewertung.de\/blog\/wp-json\/wp\/v2\/categories?post=1256"},{"taxonomy":"post_tag","embeddable":true,"href":"https:\/\/www.kirchner-immobilienbewertung.de\/blog\/wp-json\/wp\/v2\/tags?post=1256"}],"curies":[{"name":"wp","href":"https:\/\/api.w.org\/{rel}","templated":true}]}}