{"id":1271,"date":"2012-05-20T08:19:14","date_gmt":"2012-05-20T08:19:14","guid":{"rendered":"http:\/\/www.kirchner-immobilienbewertung.de\/blog\/?p=1271"},"modified":"2020-11-18T18:20:05","modified_gmt":"2020-11-18T18:20:05","slug":"urbane-verdichtung-hauserbau-auf-schweizer-autobahnen","status":"publish","type":"post","link":"https:\/\/www.kirchner-immobilienbewertung.de\/blog\/urbane-verdichtung-hauserbau-auf-schweizer-autobahnen","title":{"rendered":"Urbane Verdichtung &#8211; H\u00e4userbau auf Schweizer Autobahnen"},"content":{"rendered":"<p style=\"text-align: justify;\">Bauland ist oftmals rar und teuer in Z\u00fcrich. Laut des Onlineportals Beobachter.ch des gleichnamigen Naturverlags sollen etwa in Z\u00fcrich-Nord als Spitzenpreis 5.000 Schweizer Franken pro Quadratmeter f\u00e4llig gewesen sein. Und nicht alleine in Z\u00fcrich muss sich jemand, der passendes Land etwa f\u00fcr den Wohnungs-Neubau sucht, etwas einfallen lassen. Da kommen Pl\u00e4ne wie die der renommierten Schweizer Architekten Rolf Schoch und Claude Schelling vielleicht gerade zur rechten Zeit? Sie haben Entw\u00fcrfe f\u00fcr Siedlungen als Autobahn-Aufbauten entwickelt und k\u00f6nnten so auch daf\u00fcr sorgen, die Lebensqualit\u00e4t in Autobahnn\u00e4he wieder zu steigern.<\/p>\n<h3 style=\"text-align: justify;\">Die Autobahn mit Deckel von Claude Schelling<\/h3>\n<p style=\"text-align: justify;\">Claude Schelling hat f\u00fcr sein Projekt ein 1,2 Kilometer langes St\u00fcck Autobahn am Einkaufszentrum Glatt in Wallisellen im Auge. Wallisellen geh\u00f6rt als Gemeinde zum schweizerischen Bezirk B\u00fclach im Kanton Z\u00fcrich. Schelling m\u00f6chte das Teilst\u00fcck der Autobahn mit einem Deckel verschlie\u00dfen. Auf diesem Deckel sollen dann etwa Raum f\u00fcr 1.800 Arbeitspl\u00e4tze sowie Wohnfl\u00e4chen f\u00fcr 5.500 Menschen in etwa 1.500 Wohnungen entstehen. Insgesamt ist eine Fl\u00e4che von 108.000 m\u00b2 geplant. Ausgestattet sein soll diese Siedlung unter anderem mit einem 35.000 m\u00b2 gro\u00dfen Solarkraftwerk und W\u00e4rmepumpen, mit denen die W\u00e4rme der auf der \u00fcberdeckten Autobahn fahrenden Autos genutzt wird. Bisher unbebaute Fl\u00e4chen w\u00fcrden f\u00fcr dieses Projekt kaum genutzt. Lediglich f\u00fcr eine achtzig Meter lange Zufahrtstra\u00dfe wird zus\u00e4tzliches Land ben\u00f6tigt. Sehr gering sind die veranschlagten Kosten des Projekts jedoch nicht: Schelling rechnet mit 420 Millionen Franken (ca. 350 Millionen Euro), schreibt Beobachter.ch, die Plattform des Beobachter Buchverlags.<\/p>\n<h3 style=\"text-align: justify;\">\u201eForrest Hill\u201c von Rolf Schoch<\/h3>\n<p style=\"text-align: justify;\">Im Team arbeitet Claude Schelling mit Rolf Schoch, der \u00e4hnliche Pl\u00e4ne wie er hegt. Sein Projektentwurf nennt sich \u201eForrest Hill\u201c und schwebt als Schr\u00e4gseilbr\u00fccke \u00fcber einer sechsspurigen Autobahn im Norden des Quartiers L\u00e4nggasse in Bern, in dem sich wichtige Universit\u00e4tsbauten der Stadt sowie haupts\u00e4chlich Wohn-Immobilien befinden. Konkret ist das Projekt auf einem Autobahnst\u00fcck geplant, das durch den Bremgartenwald f\u00fchrt, einen insgesamt 636 Hektar gro\u00dfen Wald der Stadt Bern, der unter anderem f\u00fcr die Naherholung genutzt wird. Drei\u00dfig Meter hoch soll der Aufbau \u00fcber der Autobahn werden und Platz f\u00fcr 2.000 Arbeitspl\u00e4tze sowie 1.000 Wohnungen bieten. Vervollst\u00e4ndigt wird das Architektenteam, das Autobahnfl\u00e4chen zur Bebauung nutzen m\u00f6chte, von David Spycher, der die Organisation im Team \u00fcbernimmt.<\/p>\n<h3 style=\"text-align: justify;\">Mehrere Vorteile sprechen f\u00fcr die Projekte<\/h3>\n<p style=\"text-align: justify;\">Durch Stadtquartiere \u00fcber Autobahnen k\u00f6nnte Bauland genutzt werden, f\u00fcr das das schweizerische Bundesamt f\u00fcr Stra\u00dfen nach eigenen Angaben nichts in Rechnung stellen w\u00fcrde. Zugleich w\u00fcrde man kaum bisher unversiegeltes Land versiegeln. Das w\u00e4re auch gut so. Laut der Studie \u201eMagnet Schweiz\u201c des Think-Tanks Avenir Suisse wird derzeit pro Jahr in der Schweiz immerhin eine Fl\u00e4che neu bebaut, die der Fl\u00e4che des Walchensees entspricht und damit etwa 16,27 km\u00b2 umfasst. Nach Meinung von Rolf Schoch kommt hinzu, dass planerisch bei neuen Bauvorhaben in der Schweiz oftmals nicht unbedingt geschickt gehandelt werde. \u201eDie Schweiz ist zersiedelt und zerzaust, die Raumplanung hat vollst\u00e4ndig versagt\u201c, wird er auf Beobachter.ch zitiert. Stra\u00dfen vereinnahmen heute etwa drei\u00dfig Prozent der Stadtfl\u00e4che in der Schweiz, hei\u00dft es. Da wirkt es dann vielleicht wirklich wie eine gute Idee, diese Fl\u00e4chen \u00fcber die bisherige Nutzung hinaus zu nutzen? Autobahnen, die etwa L\u00e4rm in die Umgebung tragen, w\u00fcrden dadurch zugleich unsichtbar und nahezu unh\u00f6rbar. Schellings und Schochs Entw\u00fcrfe eignen sich nicht alleine f\u00fcr die konkreten Standorte, f\u00fcr die sie geplant wurden, sondern auch f\u00fcr andere. Stadtn\u00e4he ist dabei allerdings wohl eine Voraussetzung, da erforderliche Mietpreise f\u00fcrs Fl\u00e4chen im Projekt anderswo nicht durchzusetzen w\u00e4ren.<\/p>\n<h3 style=\"text-align: justify;\">Viel Lob, aber auch Widerstand<\/h3>\n<p style=\"text-align: justify;\">Schelling soll bei der Werbung f\u00fcr sein Projekt bereits wichtige Freunde gefunden haben. Die elf Wohnbau-Genossenschaften, denen das Projekt pr\u00e4sentiert wurde, haben angeblich ausnahmslos gro\u00dfes Interesse gezeigt. Sie interessieren sich jeweils f\u00fcr die \u00dcbernahme von 100 und 150 Wohnungen des Projekts, w\u00e4hrend eine Genossenschaft gar 250 Wohnungen \u00fcbernehmen m\u00f6chte, hei\u00dft es auf Beobachter.ch. Ein Grund daf\u00fcr sei das geringe Neubauland zu erschwinglichen Preisen im Stadtgebiet von Z\u00fcrich. Zudem sei der veranschlagte Mietpreis f\u00fcr eine Vier-Zimmer-Wohnung mit 2.000 Franken im Vergleich zu 2.400 auf dem freien Wohnungsmarkt der Stadt g\u00fcnstig. Ein m\u00f6glicher Termin, zu dem die Wohnungen fertig sein k\u00f6nnten, wurde auch genannt: 2022. Ein bisschen Geduld wird man also mitbringen m\u00fcssen. Widerstand gegen das Projekt scheint es indes auch zu geben. So soll Bernhard Krismer, der Gemeindepr\u00e4sident von Wallisellen, nicht sehr begeistert sein, weil das Autobahnquartier eigene Pl\u00e4ne gef\u00e4hrden k\u00f6nnte. Fakt ist: Die Idee ist geboren und bereits \u00fcber den Status der reinen Idee hinausgewachsen. Mal schauen, ob das f\u00fcr eine Realisierung reicht.<\/p>\n","protected":false},"excerpt":{"rendered":"<p>Bauland ist oftmals rar und teuer in Z\u00fcrich. Laut des Onlineportals Beobachter.ch des gleichnamigen Naturverlags sollen etwa in Z\u00fcrich-Nord als Spitzenpreis 5.000 Schweizer Franken pro Quadratmeter f\u00e4llig gewesen sein. Und nicht alleine in Z\u00fcrich muss sich jemand, der passendes Land etwa f\u00fcr den Wohnungs-Neubau sucht, etwas einfallen lassen. Da kommen Pl\u00e4ne wie die der renommierten [&hellip;]<\/p>\n","protected":false},"author":2,"featured_media":2441,"comment_status":"open","ping_status":"open","sticky":false,"template":"","format":"standard","meta":{"ocean_post_layout":"","ocean_both_sidebars_style":"","ocean_both_sidebars_content_width":0,"ocean_both_sidebars_sidebars_width":0,"ocean_sidebar":"0","ocean_second_sidebar":"0","ocean_disable_margins":"enable","ocean_add_body_class":"","ocean_shortcode_before_top_bar":"","ocean_shortcode_after_top_bar":"","ocean_shortcode_before_header":"","ocean_shortcode_after_header":"","ocean_has_shortcode":"","ocean_shortcode_after_title":"","ocean_shortcode_before_footer_widgets":"","ocean_shortcode_after_footer_widgets":"","ocean_shortcode_before_footer_bottom":"","ocean_shortcode_after_footer_bottom":"","ocean_display_top_bar":"default","ocean_display_header":"default","ocean_header_style":"","ocean_center_header_left_menu":"0","ocean_custom_header_template":"0","ocean_custom_logo":0,"ocean_custom_retina_logo":0,"ocean_custom_logo_max_width":0,"ocean_custom_logo_tablet_max_width":0,"ocean_custom_logo_mobile_max_width":0,"ocean_custom_logo_max_height":0,"ocean_custom_logo_tablet_max_height":0,"ocean_custom_logo_mobile_max_height":0,"ocean_header_custom_menu":"0","ocean_menu_typo_font_family":"0","ocean_menu_typo_font_subset":"","ocean_menu_typo_font_size":0,"ocean_menu_typo_font_size_tablet":0,"ocean_menu_typo_font_size_mobile":0,"ocean_menu_typo_font_size_unit":"px","ocean_menu_typo_font_weight":"","ocean_menu_typo_font_weight_tablet":"","ocean_menu_typo_font_weight_mobile":"","ocean_menu_typo_transform":"","ocean_menu_typo_transform_tablet":"","ocean_menu_typo_transform_mobile":"","ocean_menu_typo_line_height":0,"ocean_menu_typo_line_height_tablet":0,"ocean_menu_typo_line_height_mobile":0,"ocean_menu_typo_line_height_unit":"","ocean_menu_typo_spacing":0,"ocean_menu_typo_spacing_tablet":0,"ocean_menu_typo_spacing_mobile":0,"ocean_menu_typo_spacing_unit":"","ocean_menu_link_color":"","ocean_menu_link_color_hover":"","ocean_menu_link_color_active":"","ocean_menu_link_background":"","ocean_menu_link_hover_background":"","ocean_menu_link_active_background":"","ocean_menu_social_links_bg":"","ocean_menu_social_hover_links_bg":"","ocean_menu_social_links_color":"","ocean_menu_social_hover_links_color":"","ocean_disable_title":"default","ocean_disable_heading":"default","ocean_post_title":"","ocean_post_subheading":"","ocean_post_title_style":"","ocean_post_title_background_color":"","ocean_post_title_background":0,"ocean_post_title_bg_image_position":"","ocean_post_title_bg_image_attachment":"","ocean_post_title_bg_image_repeat":"","ocean_post_title_bg_image_size":"","ocean_post_title_height":0,"ocean_post_title_bg_overlay":0.5,"ocean_post_title_bg_overlay_color":"","ocean_disable_breadcrumbs":"default","ocean_breadcrumbs_color":"","ocean_breadcrumbs_separator_color":"","ocean_breadcrumbs_links_color":"","ocean_breadcrumbs_links_hover_color":"","ocean_display_footer_widgets":"default","ocean_display_footer_bottom":"default","ocean_custom_footer_template":"0","ocean_post_oembed":"","ocean_post_self_hosted_media":"","ocean_post_video_embed":"","ocean_link_format":"","ocean_link_format_target":"self","ocean_quote_format":"","ocean_quote_format_link":"post","ocean_gallery_link_images":"off","ocean_gallery_id":[],"footnotes":""},"categories":[13,1,14],"tags":[1414,230,1417,1416,305,1011,1413,1415,141],"class_list":["post-1271","post","type-post","status-publish","format-standard","has-post-thumbnail","hentry","category-gewerbeimmobilien","category-immobilien-allgemein","category-wohnimmobilien","tag-autobahn","tag-bauen","tag-claude-schilling","tag-rolf-schoch","tag-schweiz","tag-stadtquartier","tag-urbane-verdichtung","tag-versiegelte-flachen","tag-wohnungsbau","entry","has-media"],"aioseo_notices":[],"_links":{"self":[{"href":"https:\/\/www.kirchner-immobilienbewertung.de\/blog\/wp-json\/wp\/v2\/posts\/1271","targetHints":{"allow":["GET"]}}],"collection":[{"href":"https:\/\/www.kirchner-immobilienbewertung.de\/blog\/wp-json\/wp\/v2\/posts"}],"about":[{"href":"https:\/\/www.kirchner-immobilienbewertung.de\/blog\/wp-json\/wp\/v2\/types\/post"}],"author":[{"embeddable":true,"href":"https:\/\/www.kirchner-immobilienbewertung.de\/blog\/wp-json\/wp\/v2\/users\/2"}],"replies":[{"embeddable":true,"href":"https:\/\/www.kirchner-immobilienbewertung.de\/blog\/wp-json\/wp\/v2\/comments?post=1271"}],"version-history":[{"count":2,"href":"https:\/\/www.kirchner-immobilienbewertung.de\/blog\/wp-json\/wp\/v2\/posts\/1271\/revisions"}],"predecessor-version":[{"id":2442,"href":"https:\/\/www.kirchner-immobilienbewertung.de\/blog\/wp-json\/wp\/v2\/posts\/1271\/revisions\/2442"}],"wp:featuredmedia":[{"embeddable":true,"href":"https:\/\/www.kirchner-immobilienbewertung.de\/blog\/wp-json\/wp\/v2\/media\/2441"}],"wp:attachment":[{"href":"https:\/\/www.kirchner-immobilienbewertung.de\/blog\/wp-json\/wp\/v2\/media?parent=1271"}],"wp:term":[{"taxonomy":"category","embeddable":true,"href":"https:\/\/www.kirchner-immobilienbewertung.de\/blog\/wp-json\/wp\/v2\/categories?post=1271"},{"taxonomy":"post_tag","embeddable":true,"href":"https:\/\/www.kirchner-immobilienbewertung.de\/blog\/wp-json\/wp\/v2\/tags?post=1271"}],"curies":[{"name":"wp","href":"https:\/\/api.w.org\/{rel}","templated":true}]}}