{"id":1312,"date":"2012-06-30T07:19:27","date_gmt":"2012-06-30T07:19:27","guid":{"rendered":"http:\/\/www.kirchner-immobilienbewertung.de\/blog\/?p=1312"},"modified":"2020-11-18T18:00:39","modified_gmt":"2020-11-18T18:00:39","slug":"ein-kommen-wiesbaden-und-gehen-heidelberg-der-us-army-2","status":"publish","type":"post","link":"https:\/\/www.kirchner-immobilienbewertung.de\/blog\/ein-kommen-wiesbaden-und-gehen-heidelberg-der-us-army-2","title":{"rendered":"Ein Kommen (Wiesbaden) und Gehen (Heidelberg) der US-Army"},"content":{"rendered":"<p style=\"text-align: justify;\">2015 werden in <a href=\"https:\/\/www.kirchner-immobilienbewertung.de\/immobiliengutachter-wiesbaden\">Wiesbaden<\/a> voraussichtlich etwa 19.000 US-Amerikaner stationiert sein. Die hessische Hauptstadt ist seit langer Zeit ein Standort der US-Amerikaner in Deutschland und nun Heimat der US-Army Europazentrale. Mitte Juni wurden das &#8222;General John Shalikashvili Kommando- und F\u00fchrungszentrum&#8220; und die Wohnsiedlung Newman Village f\u00fcr die stationierten Soldaten und Angeh\u00f6rige eingeweiht. Eine Reihe der US-Amerikaner, die bald in Wiesbaden leben und arbeiten werden, kommt aus Heidelberg, das als Standort aufgegeben wird. Und w\u00e4hrend man in Wiesbaden die Zeit mit verst\u00e4rkter Pr\u00e4senz der US-Army auf Stadtgebiet erwartet, stellt sich in Heidelberg die Frage: Was kommt nach dem Abzug?<\/p>\n<h3 style=\"text-align: justify;\">Ein kleiner R\u00fcckblick auf den Flugplatz Erbenheim<\/h3>\n<p style=\"text-align: justify;\">Die neue (alte) Heimat der US-Amerikaner in Wiesbaden befindet sich zu einem gro\u00dfen Teil auf dem Areal des j\u00fcngst in \u201eClay Kaserne\u201c umbenannten Flugplatzes Erbenheim im gleichnamigen Wiesbadener Ortsbezirk. Der Flugplatz hat wichtige Kapitel der Geschichte US-amerikanischer Armeepr\u00e4senz in Deutschland und auch speziell in Wiesbaden mitgeschrieben. Zwischen 1948 und 1973 war er Hauptquartier der US Air Force, bevor die US-Army ihn \u00fcbernahm. Aktuell dient er der US-Heeresgarnison Wiesbaden als Standort. Sie k\u00fcmmert sich laut eigener Angaben um die \u201eEinsatzbereitschaft und das Wohlergehen von gegenw\u00e4rtig 2700 US-Soldaten, 3000 amerikanischen Zivilangestellten, 8700 amerikanischen Familienangeh\u00f6rigen und 1100 ortsans\u00e4ssigen Mitarbeitern\u201c.<\/p>\n<h3 style=\"text-align: justify;\">Knapp 500 Millionen US-Dollar f\u00fcr den Ausbau<\/h3>\n<p style=\"text-align: justify;\">Mit der neuen Europazentrale wird Wiesbaden-Erbenheim zu einem der wichtigsten Standorte der US-Army au\u00dferhalb der USA. Knapp 500 Millionen US-Dollar investieren die USA in die etwa 200 Bauprojekte f\u00fcr den Ausbau. Mit diesem Geld wird auch neuer Wohnraum f\u00fcr die US-Amerikaner errichtet. So entstand die am 14. Juni eingeweihte Wohnsiedlung Newman Village mit insgesamt etwa 320 Ein- und Mehrfamilienh\u00e4usern. Das zur selben Zeit eingeweihte General John Shalikashvili Kommando- und F\u00fchrungszentrum hat etwa 90 Millionen US-Dollar gekostet. Es soll Standort von \u00fcber 1.000 Soldaten werden, die voraussichtlich ab September 2013 hier arbeiten und die Aktionen der etwa 30.000 in Europa stationierten US-Soldaten steuern. Aber die neue Wiesbadener Europazentrale hat nicht alleine f\u00fcr sie Bedeutung, sondern auch f\u00fcr die Stadt selbst. Welche Bedeutung das genau ist, wird kontrovers diskutiert. W\u00e4hrend Wiesbadens Oberb\u00fcrgermeister Helmut M\u00fcller die US-Army als \u201ewichtigen Wirtschaftsfaktor\u201c bezeichnete, bezweifelte etwa die Frankfurter Rundschau das in einem Artikel vom 28. Dezember 2010 zumindest f\u00fcr den Einzelhandel. Die neuen Einwohner Wiesbadens werden \u201eihr Geld vor allem in den eigenen Siedlungen lassen\u201c zitierte sie Gary Bautell, den Pr\u00e4sidenten des Verbandes der Deutsch-Amerikanischen Clubs.<\/p>\n<h3 style=\"text-align: justify;\">Und was ist mit <a href=\"https:\/\/www.kirchner-immobilienbewertung.de\/immobiliengutachter-heidelberg\">Heidelberg<\/a>?<\/h3>\n<p style=\"text-align: justify;\">Heidelberg wird bis Ende 2015 den Abzug der US-Army erleben. Zur\u00fcck bleibt ein Areal von etwa 180 Hektar Gr\u00f6\u00dfe. Betrachtet man die Metropolregion Rhein-Neckar, summiert sich die Gr\u00f6\u00dfe aller von der US-Army verlassenen Fl\u00e4chen gar auf \u00fcber 750 Hektar. In Heidelberg sollen die B\u00fcrger mitdiskutieren, was aus den Fl\u00e4chen zuk\u00fcnftig wird. Die Stadt h\u00e4lt auf ihnen sowohl Wohnraum wie Gewerbefl\u00e4chen f\u00fcr grunds\u00e4tzlich m\u00f6glich. Sie bringt daneben aber auch Erholungsr\u00e4ume f\u00fcr die kommende Nutzung ins Spiel und spricht von der Notwendigkeit, dort eine gute Infrastruktur mit \u00d6PNV, Kinderg\u00e4rten, Nahversorgung und Sporteinrichtungen zu entwickeln. Inwieweit sie selbst Fl\u00e4chen ankaufen wird, l\u00e4sst sie offen. Derzeitiger Eigent\u00fcmer ist die Bundesanstalt f\u00fcr Immobilienaufgaben (BImMA). Ebenso offen bleibt bisher, ob Bestandsgeb\u00e4ude wirtschaftlich umgenutzt werden k\u00f6nnen oder besser abgerissen werden sollten. Konkretere Antworten auf solche Fragen darf man wohl erst nach dem endg\u00fcltigen Abzug der US-Army erwarten.<\/p>\n","protected":false},"excerpt":{"rendered":"<p>2015 werden in Wiesbaden voraussichtlich etwa 19.000 US-Amerikaner stationiert sein. Die hessische Hauptstadt ist seit langer Zeit ein Standort der US-Amerikaner in Deutschland und nun Heimat der US-Army Europazentrale. Mitte Juni wurden das &#8222;General John Shalikashvili Kommando- und F\u00fchrungszentrum&#8220; und die Wohnsiedlung Newman Village f\u00fcr die stationierten Soldaten und Angeh\u00f6rige eingeweiht. Eine Reihe der US-Amerikaner, [&hellip;]<\/p>\n","protected":false},"author":2,"featured_media":2420,"comment_status":"open","ping_status":"open","sticky":false,"template":"","format":"standard","meta":{"ocean_post_layout":"","ocean_both_sidebars_style":"","ocean_both_sidebars_content_width":0,"ocean_both_sidebars_sidebars_width":0,"ocean_sidebar":"0","ocean_second_sidebar":"0","ocean_disable_margins":"enable","ocean_add_body_class":"","ocean_shortcode_before_top_bar":"","ocean_shortcode_after_top_bar":"","ocean_shortcode_before_header":"","ocean_shortcode_after_header":"","ocean_has_shortcode":"","ocean_shortcode_after_title":"","ocean_shortcode_before_footer_widgets":"","ocean_shortcode_after_footer_widgets":"","ocean_shortcode_before_footer_bottom":"","ocean_shortcode_after_footer_bottom":"","ocean_display_top_bar":"default","ocean_display_header":"default","ocean_header_style":"","ocean_center_header_left_menu":"0","ocean_custom_header_template":"0","ocean_custom_logo":0,"ocean_custom_retina_logo":0,"ocean_custom_logo_max_width":0,"ocean_custom_logo_tablet_max_width":0,"ocean_custom_logo_mobile_max_width":0,"ocean_custom_logo_max_height":0,"ocean_custom_logo_tablet_max_height":0,"ocean_custom_logo_mobile_max_height":0,"ocean_header_custom_menu":"0","ocean_menu_typo_font_family":"0","ocean_menu_typo_font_subset":"","ocean_menu_typo_font_size":0,"ocean_menu_typo_font_size_tablet":0,"ocean_menu_typo_font_size_mobile":0,"ocean_menu_typo_font_size_unit":"px","ocean_menu_typo_font_weight":"","ocean_menu_typo_font_weight_tablet":"","ocean_menu_typo_font_weight_mobile":"","ocean_menu_typo_transform":"","ocean_menu_typo_transform_tablet":"","ocean_menu_typo_transform_mobile":"","ocean_menu_typo_line_height":0,"ocean_menu_typo_line_height_tablet":0,"ocean_menu_typo_line_height_mobile":0,"ocean_menu_typo_line_height_unit":"","ocean_menu_typo_spacing":0,"ocean_menu_typo_spacing_tablet":0,"ocean_menu_typo_spacing_mobile":0,"ocean_menu_typo_spacing_unit":"","ocean_menu_link_color":"","ocean_menu_link_color_hover":"","ocean_menu_link_color_active":"","ocean_menu_link_background":"","ocean_menu_link_hover_background":"","ocean_menu_link_active_background":"","ocean_menu_social_links_bg":"","ocean_menu_social_hover_links_bg":"","ocean_menu_social_links_color":"","ocean_menu_social_hover_links_color":"","ocean_disable_title":"default","ocean_disable_heading":"default","ocean_post_title":"","ocean_post_subheading":"","ocean_post_title_style":"","ocean_post_title_background_color":"","ocean_post_title_background":0,"ocean_post_title_bg_image_position":"","ocean_post_title_bg_image_attachment":"","ocean_post_title_bg_image_repeat":"","ocean_post_title_bg_image_size":"","ocean_post_title_height":0,"ocean_post_title_bg_overlay":0.5,"ocean_post_title_bg_overlay_color":"","ocean_disable_breadcrumbs":"default","ocean_breadcrumbs_color":"","ocean_breadcrumbs_separator_color":"","ocean_breadcrumbs_links_color":"","ocean_breadcrumbs_links_hover_color":"","ocean_display_footer_widgets":"default","ocean_display_footer_bottom":"default","ocean_custom_footer_template":"0","ocean_post_oembed":"","ocean_post_self_hosted_media":"","ocean_post_video_embed":"","ocean_link_format":"","ocean_link_format_target":"self","ocean_quote_format":"","ocean_quote_format_link":"post","ocean_gallery_link_images":"off","ocean_gallery_id":[],"footnotes":""},"categories":[13,1,14],"tags":[1460,1464,1466,1131,1467,1468,1463,1465,1462,1461],"class_list":["post-1312","post","type-post","status-publish","format-standard","has-post-thumbnail","hentry","category-gewerbeimmobilien","category-immobilien-allgemein","category-wohnimmobilien","tag-clay-kaserne","tag-flugplatz-erbenheim","tag-general-john-shalikashvili-kommando-und-fuhrungszentrum","tag-heidelberg","tag-konversion","tag-konversionsflachen","tag-militar","tag-newman-village","tag-us-army","tag-wiesbaden","entry","has-media"],"aioseo_notices":[],"_links":{"self":[{"href":"https:\/\/www.kirchner-immobilienbewertung.de\/blog\/wp-json\/wp\/v2\/posts\/1312","targetHints":{"allow":["GET"]}}],"collection":[{"href":"https:\/\/www.kirchner-immobilienbewertung.de\/blog\/wp-json\/wp\/v2\/posts"}],"about":[{"href":"https:\/\/www.kirchner-immobilienbewertung.de\/blog\/wp-json\/wp\/v2\/types\/post"}],"author":[{"embeddable":true,"href":"https:\/\/www.kirchner-immobilienbewertung.de\/blog\/wp-json\/wp\/v2\/users\/2"}],"replies":[{"embeddable":true,"href":"https:\/\/www.kirchner-immobilienbewertung.de\/blog\/wp-json\/wp\/v2\/comments?post=1312"}],"version-history":[{"count":3,"href":"https:\/\/www.kirchner-immobilienbewertung.de\/blog\/wp-json\/wp\/v2\/posts\/1312\/revisions"}],"predecessor-version":[{"id":2422,"href":"https:\/\/www.kirchner-immobilienbewertung.de\/blog\/wp-json\/wp\/v2\/posts\/1312\/revisions\/2422"}],"wp:featuredmedia":[{"embeddable":true,"href":"https:\/\/www.kirchner-immobilienbewertung.de\/blog\/wp-json\/wp\/v2\/media\/2420"}],"wp:attachment":[{"href":"https:\/\/www.kirchner-immobilienbewertung.de\/blog\/wp-json\/wp\/v2\/media?parent=1312"}],"wp:term":[{"taxonomy":"category","embeddable":true,"href":"https:\/\/www.kirchner-immobilienbewertung.de\/blog\/wp-json\/wp\/v2\/categories?post=1312"},{"taxonomy":"post_tag","embeddable":true,"href":"https:\/\/www.kirchner-immobilienbewertung.de\/blog\/wp-json\/wp\/v2\/tags?post=1312"}],"curies":[{"name":"wp","href":"https:\/\/api.w.org\/{rel}","templated":true}]}}