{"id":1414,"date":"2012-11-04T18:28:46","date_gmt":"2012-11-04T18:28:46","guid":{"rendered":"http:\/\/www.kirchner-immobilienbewertung.de\/blog\/?p=1414"},"modified":"2020-11-18T16:58:26","modified_gmt":"2020-11-18T16:58:26","slug":"quo-vadis-makler","status":"publish","type":"post","link":"https:\/\/www.kirchner-immobilienbewertung.de\/blog\/quo-vadis-makler","title":{"rendered":"Quo vadis, Makler?"},"content":{"rendered":"<p style=\"text-align: justify\">Nun sind sie also wieder einmal in den Schlagzeilen: die Makler. Der <a href=\"https:\/\/www.kirchner-immobilienbewertung.de\/immobiliengutachter-fuer-grundstueckswerte-hamburg\">Stadtstaat Hamburg<\/a> plant eine Bundesratsinitiative f\u00fcr ein Gesetz, das k\u00fcnftig den Vermietern von Immobilien die Maklerkosten auferlegt. Fast zeitgleich kommt die ebenfalls keineswegs komplett neue Diskussion \u00fcber die Qualifikation von Maklern erneut auf. Viele Akteure des Immobilienmarktes scheinen zu denken: Irgendetwas muss anders werden bei den Immobilien-Maklern in Deutschland. Sobald es um das \u201ewas?\u201c geht, werden die Dinge allerdings schwierig. Widmen wir uns einer kleinen Bestandsaufnahme der aktuellen Diskussionen, die sich letztlich auch um die Frage drehen: \u201eQuo vadis, Makler?\u201c<\/p>\n<h3 style=\"text-align: justify\">Das Streben nach dem Bestellerprinzip<\/h3>\n<p style=\"text-align: justify\">\u201eW\u00e4hrend die Vermieter in bev\u00f6lkerungsarmen Landstrichen die Maklerkosten h\u00e4ufig selbst tragen, wird die Geb\u00fchr in den gro\u00dfen St\u00e4dten meist auf die Mieter abgew\u00e4lzt\u201c, schreibt \u201eDie Welt\u201c am 28. Oktober. An anderer Stelle in der Zeitung hei\u00dft es, dass in der Regel bisher die Mieter den Makler zahlen, obwohl die ihre Auftr\u00e4ge \u00fcblicherweise vom Wohnungsbesitzer erhalten. Hamburg hat nun die Initiative ergriffen, um die Regeln rund ums Bezahlen von Immobilienmaklern gesetzlich festzuschreiben und kann sich dabei wohl auf jeden Fall der Unterst\u00fctzung des Fl\u00e4chenstaats Nordrhein-Westfalen sicher sein. Mehr oder weniger werde die Initiative von <a href=\"https:\/\/www.kirchner-immobilienbewertung.de\/immobiliengutachter-baden-wuerttemberg\">Baden-W\u00fcrttemberg<\/a>, <a href=\"https:\/\/www.kirchner-immobilienbewertung.de\/immobiliengutachter-in-der-bundeshauptstadt-berlin\">Berlin<\/a>, <a href=\"https:\/\/www.kirchner-immobilienbewertung.de\/immobiliengutachter-brandenburg\">Brandenburg<\/a>, <a href=\"https:\/\/www.kirchner-immobilienbewertung.de\/immobiliengutachter-bremen-land\">Bremen<\/a> und <a href=\"https:\/\/www.kirchner-immobilienbewertung.de\/immobiliengutachter-schleswig-holstein\">Schleswig-Holstein<\/a> unterst\u00fctzt, hei\u00dft es in den Medien. Geht es nach dem Willen Hamburgs, soll das sogenannte \u201eBestellerprinzip\u201c durch eine \u00c4nderung des &nbsp;Wohnraumvermittlungsgesetzes festgeschrieben werden. Das w\u00fcrde bedeuten: Der Immobilien-Besitzer zahlt. Das mag oftmals gerechter als die bisher (nicht gesetzlich festgeschriebene) Regelung sein, dass zumindest in den Ballungszentren h\u00e4ufig der Mieter zur Kasse gebeten wird. Eine gesetzliche Regelung mit festgeschriebenen Kostenregeln, die den Vermieter belasten, k\u00f6nnte dann \u201eungerecht\u201c werden, wenn Makler vor allem im Mieterinteresse nach Immobilien suchen.<\/p>\n<h3 style=\"text-align: justify\">Die Bef\u00fcrworter und die Gegner<\/h3>\n<p style=\"text-align: justify\">Es hat nicht allzu lange gedauert, bis sich viele Verb\u00e4nde in Bezug auf das Thema \u201eMaklerprovision\u201c aktuell positioniert haben. Man setze sich grunds\u00e4tzlich f\u00fcr einen freien Markt und die Vertragsautonomie ein, stehe einem Bestellerprinzip aber offen gegen\u00fcber, wenn es ein \u201eechtes Bestellerprinzip\u201c sei, hei\u00dft es beim IVD. Echt hei\u00dft f\u00fcr den IVD, dass der Makler durchaus weiterhin vom Mieter bezahlt wird, wenn er der Auftrageber ist und nicht der Immobilienbesitzer. Erik Uwe Amaya vom Verband \u201eHaus &amp; Grund Rheinland\u201c wird in \u201eDie Welt\u201c mit den Worten zitiert, dass die \u201eVermieter die Kosten \u00fcber h\u00f6here Mieten wieder reinholen\u201c w\u00fcrden, was dann nicht wirklich dienlich f\u00fcr die Mieter w\u00e4re. Auch das ist m\u00f6glicherweise ein Argument, dass man m\u00f6glicherweise nicht ignorieren sollte? Der Deutsche Mieterbund nutzte die Diskussion derweil, um vor Missbrauch rund um die Maklerprovision zu warnen. Eine Vermittlungsprovision sei nicht erlaubt, wenn der Vermittler selbst Eigent\u00fcmer, Vermieter, Verwalter oder Mieter der Wohnung ist, wird Sprecher Ulrich Ropertz von der Nachrichtenagentur dapd zitiert. Genau dieses Verbot werde aber h\u00e4ufig umgangen.<\/p>\n<h3 style=\"text-align: justify\">Die andere Diskussion rund um den Makler<\/h3>\n<p style=\"text-align: justify\">Neben der Diskussion rund um die Courtage existiert aktuell auch eine zur Qualifikation der Makler. So forderte etwa Wolfgang Steiger, Generalsekret\u00e4r des Wirtschaftsrates der CDU, neben mehr Leistungsgerechtigkeit \u201eeine bessere Qualit\u00e4t der Maklerleistungen\u201c. Das Maklerrecht in Deutschland sei \u201ein seiner gegenw\u00e4rtigen Ausgestaltung nicht mehr zeitgem\u00e4\u00df\u201c schreibt der Wirtschaftsrat und findet dabei etwa Unterst\u00fctzung beim Verband <a href=\"http:\/\/www.rics.org\/de\/\">RICS Deutschland<\/a>, der das deutsche Maklerrecht selbst als antiquiert bezeichnet. Auch der IVD sorgt sich um \u201eeinheitliche Qualit\u00e4tsstandards\u201c f\u00fcr die Branche und verbindet das mit der Forderung nach einer Ausbildungspflicht f\u00fcr Hausverwalter und f\u00fcr Immobilienmakler.<\/p>\n<h3 style=\"text-align: justify\">Wohin steuern die Makler?<\/h3>\n<p style=\"text-align: justify\">Ja, wir sind immer noch beim Makler, auch wenn dieser Artikel daneben Themen wie m\u00f6gliche Wohnungsnot ber\u00fchrt. Die Frage wird sein, wie die Zukunft ihrer Arbeit in Deutschland aussieht und eigentlich kann es da nur Mutma\u00dfungen geben. 12.000 hauptberufliche Makler soll es laut Immobilienverband Deutschland (IVD) aktuell in Deutschland geben. Letztlich w\u00e4re all denjenigen, die ihren Beruf ernst nehmen und ihn mit Leistung und Know-how betreiben, zu w\u00fcnschen, dass die \u201erichtigen\u201c Ver\u00e4nderungen durchgesetzt werden. Der Ruf der Immobilienmakler gilt nach wie vor nicht als der beste, auch wenn unter anderem TV-Produktionen vielleicht ein Gegensteuern versuchen und manchen TV-Makler zum kleinen TV \u2013Star machen. Dem Image der Branche hilft das wohl nur bedingt (gar nicht?). Die richtigen Ver\u00e4nderungen k\u00f6nnten zu einem Imagewechsel beitragen. Was \u201erichtig\u201c ist, bleibt aber Streitpunkt&#8230; und das wohl auch noch eine Weile lang.<\/p>\n","protected":false},"excerpt":{"rendered":"<p>Nun sind sie also wieder einmal in den Schlagzeilen: die Makler. Der Stadtstaat Hamburg plant eine Bundesratsinitiative f\u00fcr ein Gesetz, das k\u00fcnftig den Vermietern von Immobilien die Maklerkosten auferlegt. Fast zeitgleich kommt die ebenfalls keineswegs komplett neue Diskussion \u00fcber die Qualifikation von Maklern erneut auf. Viele Akteure des Immobilienmarktes scheinen zu denken: Irgendetwas muss anders [&hellip;]<\/p>\n","protected":false},"author":2,"featured_media":2369,"comment_status":"open","ping_status":"open","sticky":false,"template":"","format":"standard","meta":{"ocean_post_layout":"","ocean_both_sidebars_style":"","ocean_both_sidebars_content_width":0,"ocean_both_sidebars_sidebars_width":0,"ocean_sidebar":"0","ocean_second_sidebar":"0","ocean_disable_margins":"enable","ocean_add_body_class":"","ocean_shortcode_before_top_bar":"","ocean_shortcode_after_top_bar":"","ocean_shortcode_before_header":"","ocean_shortcode_after_header":"","ocean_has_shortcode":"","ocean_shortcode_after_title":"","ocean_shortcode_before_footer_widgets":"","ocean_shortcode_after_footer_widgets":"","ocean_shortcode_before_footer_bottom":"","ocean_shortcode_after_footer_bottom":"","ocean_display_top_bar":"default","ocean_display_header":"default","ocean_header_style":"","ocean_center_header_left_menu":"0","ocean_custom_header_template":"0","ocean_custom_logo":0,"ocean_custom_retina_logo":0,"ocean_custom_logo_max_width":0,"ocean_custom_logo_tablet_max_width":0,"ocean_custom_logo_mobile_max_width":0,"ocean_custom_logo_max_height":0,"ocean_custom_logo_tablet_max_height":0,"ocean_custom_logo_mobile_max_height":0,"ocean_header_custom_menu":"0","ocean_menu_typo_font_family":"0","ocean_menu_typo_font_subset":"","ocean_menu_typo_font_size":0,"ocean_menu_typo_font_size_tablet":0,"ocean_menu_typo_font_size_mobile":0,"ocean_menu_typo_font_size_unit":"px","ocean_menu_typo_font_weight":"","ocean_menu_typo_font_weight_tablet":"","ocean_menu_typo_font_weight_mobile":"","ocean_menu_typo_transform":"","ocean_menu_typo_transform_tablet":"","ocean_menu_typo_transform_mobile":"","ocean_menu_typo_line_height":0,"ocean_menu_typo_line_height_tablet":0,"ocean_menu_typo_line_height_mobile":0,"ocean_menu_typo_line_height_unit":"","ocean_menu_typo_spacing":0,"ocean_menu_typo_spacing_tablet":0,"ocean_menu_typo_spacing_mobile":0,"ocean_menu_typo_spacing_unit":"","ocean_menu_link_color":"","ocean_menu_link_color_hover":"","ocean_menu_link_color_active":"","ocean_menu_link_background":"","ocean_menu_link_hover_background":"","ocean_menu_link_active_background":"","ocean_menu_social_links_bg":"","ocean_menu_social_hover_links_bg":"","ocean_menu_social_links_color":"","ocean_menu_social_hover_links_color":"","ocean_disable_title":"default","ocean_disable_heading":"default","ocean_post_title":"","ocean_post_subheading":"","ocean_post_title_style":"","ocean_post_title_background_color":"","ocean_post_title_background":0,"ocean_post_title_bg_image_position":"","ocean_post_title_bg_image_attachment":"","ocean_post_title_bg_image_repeat":"","ocean_post_title_bg_image_size":"","ocean_post_title_height":0,"ocean_post_title_bg_overlay":0.5,"ocean_post_title_bg_overlay_color":"","ocean_disable_breadcrumbs":"default","ocean_breadcrumbs_color":"","ocean_breadcrumbs_separator_color":"","ocean_breadcrumbs_links_color":"","ocean_breadcrumbs_links_hover_color":"","ocean_display_footer_widgets":"default","ocean_display_footer_bottom":"default","ocean_custom_footer_template":"0","ocean_post_oembed":"","ocean_post_self_hosted_media":"","ocean_post_video_embed":"","ocean_link_format":"","ocean_link_format_target":"self","ocean_quote_format":"","ocean_quote_format_link":"post","ocean_gallery_link_images":"off","ocean_gallery_id":[],"footnotes":""},"categories":[11,14],"tags":[1607,1608,514,770,58,886],"class_list":["post-1414","post","type-post","status-publish","format-standard","has-post-thumbnail","hentry","category-immobilienmarkt-deutschland","category-wohnimmobilien","tag-courtage","tag-haus-grund","tag-immobilienmakler","tag-ivd","tag-makler","tag-wohnungsmarkt","entry","has-media"],"aioseo_notices":[],"_links":{"self":[{"href":"https:\/\/www.kirchner-immobilienbewertung.de\/blog\/wp-json\/wp\/v2\/posts\/1414","targetHints":{"allow":["GET"]}}],"collection":[{"href":"https:\/\/www.kirchner-immobilienbewertung.de\/blog\/wp-json\/wp\/v2\/posts"}],"about":[{"href":"https:\/\/www.kirchner-immobilienbewertung.de\/blog\/wp-json\/wp\/v2\/types\/post"}],"author":[{"embeddable":true,"href":"https:\/\/www.kirchner-immobilienbewertung.de\/blog\/wp-json\/wp\/v2\/users\/2"}],"replies":[{"embeddable":true,"href":"https:\/\/www.kirchner-immobilienbewertung.de\/blog\/wp-json\/wp\/v2\/comments?post=1414"}],"version-history":[{"count":3,"href":"https:\/\/www.kirchner-immobilienbewertung.de\/blog\/wp-json\/wp\/v2\/posts\/1414\/revisions"}],"predecessor-version":[{"id":2370,"href":"https:\/\/www.kirchner-immobilienbewertung.de\/blog\/wp-json\/wp\/v2\/posts\/1414\/revisions\/2370"}],"wp:featuredmedia":[{"embeddable":true,"href":"https:\/\/www.kirchner-immobilienbewertung.de\/blog\/wp-json\/wp\/v2\/media\/2369"}],"wp:attachment":[{"href":"https:\/\/www.kirchner-immobilienbewertung.de\/blog\/wp-json\/wp\/v2\/media?parent=1414"}],"wp:term":[{"taxonomy":"category","embeddable":true,"href":"https:\/\/www.kirchner-immobilienbewertung.de\/blog\/wp-json\/wp\/v2\/categories?post=1414"},{"taxonomy":"post_tag","embeddable":true,"href":"https:\/\/www.kirchner-immobilienbewertung.de\/blog\/wp-json\/wp\/v2\/tags?post=1414"}],"curies":[{"name":"wp","href":"https:\/\/api.w.org\/{rel}","templated":true}]}}