{"id":1936,"date":"2014-01-08T11:10:24","date_gmt":"2014-01-08T11:10:24","guid":{"rendered":"http:\/\/www.kirchner-immobilienbewertung.de\/blog\/?p=1936"},"modified":"2020-11-18T09:36:08","modified_gmt":"2020-11-18T09:36:08","slug":"steglitzer-kreisel-altes-rathaus-mit-vielversprechender-zukunft","status":"publish","type":"post","link":"https:\/\/www.kirchner-immobilienbewertung.de\/blog\/steglitzer-kreisel-altes-rathaus-mit-vielversprechender-zukunft","title":{"rendered":"Steglitzer Kreisel \u2013 Altes Rathaus mit vielversprechender Zukunft"},"content":{"rendered":"<p>Das alte Bezirksrathaus mit dem sch\u00f6nen Namen Steglitzer Kreisel bekommt jetzt aller Voraussicht nach einen neuen Investor und damit auch eine vielversprechende Zukunft. Nach vielen gescheiterten Pl\u00e4nen rund um das Wahrzeichen des <a href=\"https:\/\/www.kirchner-immobilienbewertung.de\/immobiliengutachter-in-der-bundeshauptstadt-berlin\">Berliner<\/a> Bezirks Steglitz, wird diese Zukunft nun im M\u00e4rz 2015 tats\u00e4chlich beginnen. Die in ganz Europa agierende Immobilien Holding CG Gruppe will gleich nach der Asbestsanierung mit massiven Umbauten beginnen.<\/p>\n<p><strong>Der neue Steglitzer Kreisel<\/strong><br \/>\nDie Fertigstellung des neu konzipierten Steglitzer Kreisels ist f\u00fcr den November des Jahres 2017 angedacht. Dann soll das frisch gebackene Wohnhochhaus am s\u00fcdlichen Ende der Schlo\u00dfstra\u00dfe im Bezirk Steglitz schl\u00fcsselfertig und voll vermietet weiter verkauft werden, wie die CG Holding verlauten l\u00e4sst. Der Gesch\u00e4ftsf\u00fchrer J\u00fcrgen Kutz findet, das Geb\u00e4ude eigne sich wunderbar f\u00fcr diese Nutzung. Der 119 Meter hohe Turm wurde in den 1970er Jahren erbaut und steht schon seit Jahren leer. Nun will die Holding den Kreisel zum City Tower umbauen und so zu neuem Leben erwecken. 250 Wohnungen mit teilweise luxuri\u00f6ser Ausstattung werden im Turm entstehen, hohe Decken, Fu\u00dfbodenheizung, Loggien und italienische Fliesen sollen die potenziellen Mieter anlocken. Am Ende soll aber f\u00fcr jeden etwas dabei sein, die Wohnungen werden zwischen 35 und 250 Quadratmetern gro\u00df sein, die Quadratmeterpreise sollen sich zwischen 9,00 und 25,00 Euro bewegen. Auf jedem der insgesamt 27 Stockwerke des Turmes sind vier bis acht Wohnungen geplant.<\/p>\n<p><strong>Gro\u00dfe Pl\u00e4ne f\u00fcr den Kreisel<\/strong><br \/>\nDie <a href=\"http:\/\/www.cg-gruppe.de\/\">CG Gruppe<\/a> plant am Steglitzer Kreisel umfangreiche Investitionen in H\u00f6he von etwa 190 Millionen Euro. Neben den Wohnungen im Turm ist auch die Modernisierung der Sockelbauten geplant, dort sollen ein Hotel und ein Parkhaus entstehen. Obwohl der Kaufvertrag noch nicht endg\u00fcltig unter Dach und Fach und die technische Pr\u00fcfung noch nicht ganz abgeschlossen ist, \u00e4u\u00dfern sich alle Beteiligten sehr optimistisch. CG Gesch\u00e4ftsf\u00fchrer Kutz best\u00e4tigt, dass Brandschutz und Statik bereits mit positivem Ergebnis \u00fcberpr\u00fcft wurden. Die Deckenh\u00f6he von 3,50 Meter bezeichnet er als g\u00fcnstig f\u00fcr seine Planungen, au\u00dferdem sei von Vorteil, dass es keine langen Flure gebe. Und B\u00fcrgermeister Kopp l\u00e4sst durchblicken, dass er dem Projekt keinerlei Steine in den Weg legen will. Obwohl das Objekt im Kerngebiet liege, f\u00fcr das nur ein bestimmter Wohnanteil zul\u00e4ssig sei, gebe es hier auf jeden Fall gen\u00fcgend Spielraum f\u00fcr Kompromisse, wie Kopp ausf\u00fchrt. Die jetzigen Eigent\u00fcmer des Steglitzer Kreisels sind das Land Berlin und der Immobilienkonzern Becker &amp; Kries. Bis zum Jahresende sollen alle Pr\u00fcfungen abgeschlossen sein und der Kaufvertrag zwischen CG Gruppe, Liegenschaftsfonds und dem Eigent\u00fcmer der Sockelbauten k\u00f6nnte dann endlich unterschrieben werden. Dem alten Rathaus w\u00e4re es zu g\u00f6nnen.<\/p>\n<p><strong>Erst der Asbest, dann der Luxus<\/strong><br \/>\nBevor die umfangreichen Arbeiten am Steglitzer Kreisel begonnen werden k\u00f6nnen, muss zun\u00e4chst einmal der Asbest weg. Das Land tr\u00e4gt die Kosten f\u00fcr die Sanierung. Urspr\u00fcnglich hatte der Finanzsenator Ulrich Nu\u00dfbaum im Jahr 2007 satte 32 Millionen Euro daf\u00fcr veranschlagt. Bezirksb\u00fcrgermeister Kopp gab im vergangenen Sommer dann gesch\u00e4tzte Kosten von nur noch 20 Millionen Euro bekannt. Mittlerweile l\u00e4uft die Asbestbeseitigung auf vollen Touren und soll sogar noch g\u00fcnstiger ausfallen. Die Kostensch\u00e4tzung wurde inzwischen auf nur noch 18,5 Millionen Euro herunter gerechnet. Nachdem in den vergangenen Jahren des Leerstandes bereits mehrere Projekte gescheitert waren, w\u00e4re der Finanzsenator jetzt schon froh, wenn wenigstens die Stillstandskosten in H\u00f6he von etwa 1 Million Euro pro Jahr wegfielen. Ob nach der Asbestsanierung ein Plus am Ende der Rechnung heraus kommt, ist v\u00f6llig offen. Der Kauferl\u00f6s entspreche zumindest dem Verkehrswert, wie der Liegenschaftsfonds unl\u00e4ngst erkl\u00e4rte. Keiner der bisherigen hochtrabenden Pl\u00e4ne konnte jemals in die Tat umgesetzt werden. Eine Investorengruppe aus Katar, die den Steglitzer Turm komplett abrei\u00dfen und das Areal neu bebauen wollte, brachte am Ende leider nicht den Durchbruch in Sachen Kreisel. Ein weiteres Projekt wollte aus dem ehemaligen Bezirksamt eine Mischung aus Solarkraftwerk, Lagerhaus und Kulturstandort entstehen lassen, auch dieses Konzept wurde aber nie verwirklicht.<\/p>\n","protected":false},"excerpt":{"rendered":"<p>Das alte Bezirksrathaus mit dem sch\u00f6nen Namen Steglitzer Kreisel bekommt jetzt aller Voraussicht nach einen neuen Investor und damit auch eine vielversprechende Zukunft. Nach vielen gescheiterten Pl\u00e4nen rund um das Wahrzeichen des Berliner Bezirks Steglitz, wird diese Zukunft nun im M\u00e4rz 2015 tats\u00e4chlich beginnen. Die in ganz Europa agierende Immobilien Holding CG Gruppe will gleich [&hellip;]<\/p>\n","protected":false},"author":6,"featured_media":2219,"comment_status":"open","ping_status":"open","sticky":false,"template":"","format":"standard","meta":{"ocean_post_layout":"","ocean_both_sidebars_style":"","ocean_both_sidebars_content_width":0,"ocean_both_sidebars_sidebars_width":0,"ocean_sidebar":"0","ocean_second_sidebar":"0","ocean_disable_margins":"enable","ocean_add_body_class":"","ocean_shortcode_before_top_bar":"","ocean_shortcode_after_top_bar":"","ocean_shortcode_before_header":"","ocean_shortcode_after_header":"","ocean_has_shortcode":"","ocean_shortcode_after_title":"","ocean_shortcode_before_footer_widgets":"","ocean_shortcode_after_footer_widgets":"","ocean_shortcode_before_footer_bottom":"","ocean_shortcode_after_footer_bottom":"","ocean_display_top_bar":"default","ocean_display_header":"default","ocean_header_style":"","ocean_center_header_left_menu":"0","ocean_custom_header_template":"0","ocean_custom_logo":0,"ocean_custom_retina_logo":0,"ocean_custom_logo_max_width":0,"ocean_custom_logo_tablet_max_width":0,"ocean_custom_logo_mobile_max_width":0,"ocean_custom_logo_max_height":0,"ocean_custom_logo_tablet_max_height":0,"ocean_custom_logo_mobile_max_height":0,"ocean_header_custom_menu":"0","ocean_menu_typo_font_family":"0","ocean_menu_typo_font_subset":"","ocean_menu_typo_font_size":0,"ocean_menu_typo_font_size_tablet":0,"ocean_menu_typo_font_size_mobile":0,"ocean_menu_typo_font_size_unit":"px","ocean_menu_typo_font_weight":"","ocean_menu_typo_font_weight_tablet":"","ocean_menu_typo_font_weight_mobile":"","ocean_menu_typo_transform":"","ocean_menu_typo_transform_tablet":"","ocean_menu_typo_transform_mobile":"","ocean_menu_typo_line_height":0,"ocean_menu_typo_line_height_tablet":0,"ocean_menu_typo_line_height_mobile":0,"ocean_menu_typo_line_height_unit":"","ocean_menu_typo_spacing":0,"ocean_menu_typo_spacing_tablet":0,"ocean_menu_typo_spacing_mobile":0,"ocean_menu_typo_spacing_unit":"","ocean_menu_link_color":"","ocean_menu_link_color_hover":"","ocean_menu_link_color_active":"","ocean_menu_link_background":"","ocean_menu_link_hover_background":"","ocean_menu_link_active_background":"","ocean_menu_social_links_bg":"","ocean_menu_social_hover_links_bg":"","ocean_menu_social_links_color":"","ocean_menu_social_hover_links_color":"","ocean_disable_title":"default","ocean_disable_heading":"default","ocean_post_title":"","ocean_post_subheading":"","ocean_post_title_style":"","ocean_post_title_background_color":"","ocean_post_title_background":0,"ocean_post_title_bg_image_position":"","ocean_post_title_bg_image_attachment":"","ocean_post_title_bg_image_repeat":"","ocean_post_title_bg_image_size":"","ocean_post_title_height":0,"ocean_post_title_bg_overlay":0.5,"ocean_post_title_bg_overlay_color":"","ocean_disable_breadcrumbs":"default","ocean_breadcrumbs_color":"","ocean_breadcrumbs_separator_color":"","ocean_breadcrumbs_links_color":"","ocean_breadcrumbs_links_hover_color":"","ocean_display_footer_widgets":"default","ocean_display_footer_bottom":"default","ocean_custom_footer_template":"0","ocean_post_oembed":"","ocean_post_self_hosted_media":"","ocean_post_video_embed":"","ocean_link_format":"","ocean_link_format_target":"self","ocean_quote_format":"","ocean_quote_format_link":"post","ocean_gallery_link_images":"off","ocean_gallery_id":[],"footnotes":""},"categories":[12],"tags":[1993,1992,650,136,273,1991],"class_list":["post-1936","post","type-post","status-publish","format-standard","has-post-thumbnail","hentry","category-immobilienmaerkte-international","tag-asbestsanierung","tag-city-tower","tag-immobilieninvestitionen","tag-immobilieninvestoren","tag-stadtplanung","tag-steglitzer-kreisel","entry","has-media"],"aioseo_notices":[],"_links":{"self":[{"href":"https:\/\/www.kirchner-immobilienbewertung.de\/blog\/wp-json\/wp\/v2\/posts\/1936","targetHints":{"allow":["GET"]}}],"collection":[{"href":"https:\/\/www.kirchner-immobilienbewertung.de\/blog\/wp-json\/wp\/v2\/posts"}],"about":[{"href":"https:\/\/www.kirchner-immobilienbewertung.de\/blog\/wp-json\/wp\/v2\/types\/post"}],"author":[{"embeddable":true,"href":"https:\/\/www.kirchner-immobilienbewertung.de\/blog\/wp-json\/wp\/v2\/users\/6"}],"replies":[{"embeddable":true,"href":"https:\/\/www.kirchner-immobilienbewertung.de\/blog\/wp-json\/wp\/v2\/comments?post=1936"}],"version-history":[{"count":3,"href":"https:\/\/www.kirchner-immobilienbewertung.de\/blog\/wp-json\/wp\/v2\/posts\/1936\/revisions"}],"predecessor-version":[{"id":2220,"href":"https:\/\/www.kirchner-immobilienbewertung.de\/blog\/wp-json\/wp\/v2\/posts\/1936\/revisions\/2220"}],"wp:featuredmedia":[{"embeddable":true,"href":"https:\/\/www.kirchner-immobilienbewertung.de\/blog\/wp-json\/wp\/v2\/media\/2219"}],"wp:attachment":[{"href":"https:\/\/www.kirchner-immobilienbewertung.de\/blog\/wp-json\/wp\/v2\/media?parent=1936"}],"wp:term":[{"taxonomy":"category","embeddable":true,"href":"https:\/\/www.kirchner-immobilienbewertung.de\/blog\/wp-json\/wp\/v2\/categories?post=1936"},{"taxonomy":"post_tag","embeddable":true,"href":"https:\/\/www.kirchner-immobilienbewertung.de\/blog\/wp-json\/wp\/v2\/tags?post=1936"}],"curies":[{"name":"wp","href":"https:\/\/api.w.org\/{rel}","templated":true}]}}