{"id":1938,"date":"2014-01-30T14:00:28","date_gmt":"2014-01-30T14:00:28","guid":{"rendered":"http:\/\/www.kirchner-immobilienbewertung.de\/blog\/?p=1938"},"modified":"2020-11-18T09:35:23","modified_gmt":"2020-11-18T09:35:23","slug":"in-der-wohnung-der-zukunft-geht-flexibilitaet-vor-technik","status":"publish","type":"post","link":"https:\/\/www.kirchner-immobilienbewertung.de\/blog\/in-der-wohnung-der-zukunft-geht-flexibilitaet-vor-technik","title":{"rendered":"In der Wohnung der Zukunft geht Flexibilit\u00e4t vor Technik"},"content":{"rendered":"<p>Innovative Architekten und Innenarchitekten besch\u00e4ftigen sich schon heute mit der Wohnung der Zukunft. Deren Bewohner werden Lohas genannt, diese Wortsch\u00f6pfung haben Soziologen aus dem Motto \u201aLifestyle of Health and Sustainability\u2018 hervor gebracht, das sie den St\u00e4dtern der Zukunft zuschreiben.<\/p>\n<p><b>Nachhaltigkeit anstatt Technik<\/b><br \/>\nDer <a href=\"http:\/\/www.german-architects.com\/de\/bel\/\">K\u00f6lner Architekt J\u00f6rg Leeser<\/a> gilt als einer der innovativsten Vertreter seiner Zunft. Er nimmt den Begriff \u201aLoha\u2018 in seinen Wortschatz auf und entwirft zukunftsorientierte Wohnungen f\u00fcr junge Familien, die in den Stadtzentren wohnen m\u00f6chten. W\u00e4hrend Leesers Entw\u00fcrfe von au\u00dfen oft etwas schrill anmuten, setzt er im Inneren auf Altbew\u00e4hrtes. Sein Motto lautet \u201aVorw\u00e4rts in die Vergangenheit\u2018 und seine Prognose f\u00fcr die Wohnung der Zukunft besagt, dass dort so wenig Hightech wie n\u00f6tig und so viel direkte menschliche Kommunikation wie m\u00f6glich anzutreffen sein werden. Der Architekt glaubt nicht daran, dass sich die voll automatisierte Hightech-Wohnung mit BUS-System durchsetzen wird. Diese Art des Wohnens sei auf Dauer f\u00fcr die Massen viel zu teuer. Denn die Steuerungssysteme seien einfach nicht energieeffizient, meint Leeser. Er benennt Studien, die besagen, dass umso mehr Energie verloren gehe, je aufwendiger die Steuerungstechnik gestaltet sei.<\/p>\n<p><b>Umweltbewusste Einrichtung<\/b><br \/>\nAuch der Umweltforscher Michael Braungart sieht die Energieeffizienz als prim\u00e4ren Faktor bei der Planung von Immobilien der Zukunft. Sowohl bei den Baustoffen als auch bei der Inneneinrichtung w\u00fcrde man k\u00fcnftig gesunden, nachhaltig produzierten Materialien den Vorzug geben. Der Cradle-to-Cradle Erfinder Braungart sieht auf den B\u00f6den der Zukunft raumluftreinigende Teppiche liegen, die nach Gebrauch komplett wieder in den Wertstoffkreislauf eingespeist werden. Die M\u00f6bel von morgen werden seiner Meinung nach aus einer Kombination von kompostierbaren Stoffen und recycelbaren Wertstoffen gefertigt. Fu\u00dfbodenbel\u00e4ge wie PVC und Laminate, die aus gesundheitsgef\u00e4hrdenden Stoffen bestehen, geh\u00f6rten schon bald endg\u00fcltig der Vergangenheit an, und auch Wandfarben w\u00fcrden komplett schadstofffrei hergestellt. Braungart prangert dar\u00fcber hinaus den gesetzlich verordneten D\u00e4mmwahn an. Das W\u00e4rmed\u00e4mmverbundsystem produziere gesundheitssch\u00e4dlichen Sonderm\u00fcll und habe daf\u00fcr gesorgt, dass heute 40 Prozent aller H\u00e4user von Schimmel befallen sind, f\u00fchrt der Forscher aus. Die deutsch-amerikanische Innenarchitektin Sophie Green mit B\u00fcros in M\u00fcnchen und Br\u00fcssel verzeichnet bei ihren Kunden schon heute ein wachsendes Umweltbewusstsein. Sie pflichtet Braungart bei und sagt, dass es k\u00fcnftig \u00fcberwiegend regional produzierte Naturmaterialien in den Wohnungseinrichtungen geben werde. Im Norden Deutschlands werde es dann mehr Ziegel und im S\u00fcden mehr Holz in der Verarbeitung von Baumaterialien geben. Naturkautschuk und Lehm sieht die Innenarchitektin als nachhaltigen Ersatz f\u00fcr das gegenw\u00e4rtig noch \u00e4u\u00dferst beliebte Laminat an. In Zukunft h\u00e4tten solche umwelt- und gesundheitssch\u00e4dlichen Materialien bei den Lohas genauso wenig eine Chance wie die Pressspanplatten mit Formaldehyd-Ausd\u00fcnstungen der M\u00f6bel-Discounter, prognostiziert Green. F\u00fcr M\u00f6bel aus Massivholz sieht sie hingegen eine Renaissance auf uns zukommen.<\/p>\n<p><b>Die Japaner machen es vor<\/b><b><\/b><br \/>\nDie japanischen Architekten sind der Zukunft des Wohnens heute schon weitaus n\u00e4her als ihre europ\u00e4ischen Kollegen. Hierzulande sehen sich innovative Architekten mit einer der restriktivsten Bauordnungen der ganzen Welt konfrontiert, w\u00e4hrend Japaner wie Sou Fujimoto hybride Behausungen entwerfen, die wie Baumh\u00e4user aus Stahl in Kombination mit Glas anmuten. Der auch in Deutschland gefeierte fern\u00f6stliche Architekt hat in seiner Heimat die Freiheit, wild \u00fcbereinandergestapelte Boxen in Wohnraum zu verwandeln. Darin verschmilzt die Innen- mit der Au\u00dfenwelt gleicherma\u00dfen wie das Private mit dem \u00d6ffentlichen. Fujimoto sieht die Architektur ohnehin nur als \u00e4u\u00dferen Rahmen f\u00fcr die Komplexit\u00e4t und den Reichtum der im steten Wandel begriffenen modernen Welt. Er will den Bewohnern seiner Entw\u00fcrfe die gestalterische Freiheit lassen, seine individuellen Wohnbed\u00fcrfnisse befriedigen zu k\u00f6nnen.<\/p>\n<p><b>Flexibilit\u00e4t und offene Gestaltung<\/b><b><\/b><br \/>\nFritz Frenkler, Designer und Professor f\u00fcr Industrial Design an der TU M\u00fcnchen, glaubt nicht an eine Zukunft des klassischen Denkens in einzelnen R\u00e4umen. Die Wohnung von morgen stellt er ohne feste T\u00fcren dar, lediglich durch M\u00f6bel und flexible Schiebet\u00fcren unterteilt. Die beengten Verh\u00e4ltnisse in den Gro\u00dfst\u00e4dten machten diese Entwicklung notwendig. Frenkler sieht alleine die Toilette noch als einzige abgeschlossene Einheit in der Wohnung der Zukunft, die durch eine Kabine vom Rest der Wohnung getrennt wird. Den Hightech-Anteil der Inneneinrichtung prognostiziert er f\u00fcr die Zeit in 20 Jahren auf dem gleichen Stand wie heute. Vielmehr sei angesichts des demografischen Wandels Flexibilit\u00e4t gefragt, denn die Bewohner w\u00fcnschten sich Entw\u00fcrfe von den Architekten und Innenarchitekten, die f\u00fcr jeden Altersabschnitt nutzbar sein sollten.<\/p>\n","protected":false},"excerpt":{"rendered":"<p>Innovative Architekten und Innenarchitekten besch\u00e4ftigen sich schon heute mit der Wohnung der Zukunft. Deren Bewohner werden Lohas genannt, diese Wortsch\u00f6pfung haben Soziologen aus dem Motto \u201aLifestyle of Health and Sustainability\u2018 hervor gebracht, das sie den St\u00e4dtern der Zukunft zuschreiben. Nachhaltigkeit anstatt Technik Der K\u00f6lner Architekt J\u00f6rg Leeser gilt als einer der innovativsten Vertreter seiner Zunft. [&hellip;]<\/p>\n","protected":false},"author":6,"featured_media":2218,"comment_status":"open","ping_status":"open","sticky":false,"template":"","format":"standard","meta":{"ocean_post_layout":"","ocean_both_sidebars_style":"","ocean_both_sidebars_content_width":0,"ocean_both_sidebars_sidebars_width":0,"ocean_sidebar":"0","ocean_second_sidebar":"0","ocean_disable_margins":"enable","ocean_add_body_class":"","ocean_shortcode_before_top_bar":"","ocean_shortcode_after_top_bar":"","ocean_shortcode_before_header":"","ocean_shortcode_after_header":"","ocean_has_shortcode":"","ocean_shortcode_after_title":"","ocean_shortcode_before_footer_widgets":"","ocean_shortcode_after_footer_widgets":"","ocean_shortcode_before_footer_bottom":"","ocean_shortcode_after_footer_bottom":"","ocean_display_top_bar":"default","ocean_display_header":"default","ocean_header_style":"","ocean_center_header_left_menu":"0","ocean_custom_header_template":"0","ocean_custom_logo":0,"ocean_custom_retina_logo":0,"ocean_custom_logo_max_width":0,"ocean_custom_logo_tablet_max_width":0,"ocean_custom_logo_mobile_max_width":0,"ocean_custom_logo_max_height":0,"ocean_custom_logo_tablet_max_height":0,"ocean_custom_logo_mobile_max_height":0,"ocean_header_custom_menu":"0","ocean_menu_typo_font_family":"0","ocean_menu_typo_font_subset":"","ocean_menu_typo_font_size":0,"ocean_menu_typo_font_size_tablet":0,"ocean_menu_typo_font_size_mobile":0,"ocean_menu_typo_font_size_unit":"px","ocean_menu_typo_font_weight":"","ocean_menu_typo_font_weight_tablet":"","ocean_menu_typo_font_weight_mobile":"","ocean_menu_typo_transform":"","ocean_menu_typo_transform_tablet":"","ocean_menu_typo_transform_mobile":"","ocean_menu_typo_line_height":0,"ocean_menu_typo_line_height_tablet":0,"ocean_menu_typo_line_height_mobile":0,"ocean_menu_typo_line_height_unit":"","ocean_menu_typo_spacing":0,"ocean_menu_typo_spacing_tablet":0,"ocean_menu_typo_spacing_mobile":0,"ocean_menu_typo_spacing_unit":"","ocean_menu_link_color":"","ocean_menu_link_color_hover":"","ocean_menu_link_color_active":"","ocean_menu_link_background":"","ocean_menu_link_hover_background":"","ocean_menu_link_active_background":"","ocean_menu_social_links_bg":"","ocean_menu_social_hover_links_bg":"","ocean_menu_social_links_color":"","ocean_menu_social_hover_links_color":"","ocean_disable_title":"default","ocean_disable_heading":"default","ocean_post_title":"","ocean_post_subheading":"","ocean_post_title_style":"","ocean_post_title_background_color":"","ocean_post_title_background":0,"ocean_post_title_bg_image_position":"","ocean_post_title_bg_image_attachment":"","ocean_post_title_bg_image_repeat":"","ocean_post_title_bg_image_size":"","ocean_post_title_height":0,"ocean_post_title_bg_overlay":0.5,"ocean_post_title_bg_overlay_color":"","ocean_disable_breadcrumbs":"default","ocean_breadcrumbs_color":"","ocean_breadcrumbs_separator_color":"","ocean_breadcrumbs_links_color":"","ocean_breadcrumbs_links_hover_color":"","ocean_display_footer_widgets":"default","ocean_display_footer_bottom":"default","ocean_custom_footer_template":"0","ocean_post_oembed":"","ocean_post_self_hosted_media":"","ocean_post_video_embed":"","ocean_link_format":"","ocean_link_format_target":"self","ocean_quote_format":"","ocean_quote_format_link":"post","ocean_gallery_link_images":"off","ocean_gallery_id":[],"footnotes":""},"categories":[1],"tags":[171,35,1999,1996,83,1994,1998,1995,1997],"class_list":["post-1938","post","type-post","status-publish","format-standard","has-post-thumbnail","hentry","category-immobilien-allgemein","tag-architekten","tag-baumaterialien","tag-fussboeden","tag-innenarchitekten","tag-nachhaltigkeit","tag-umweltschutz","tag-umweltvertraeglichkeit","tag-wohnung-der-zukunft","tag-zukunftsplanung","entry","has-media"],"aioseo_notices":[],"_links":{"self":[{"href":"https:\/\/www.kirchner-immobilienbewertung.de\/blog\/wp-json\/wp\/v2\/posts\/1938","targetHints":{"allow":["GET"]}}],"collection":[{"href":"https:\/\/www.kirchner-immobilienbewertung.de\/blog\/wp-json\/wp\/v2\/posts"}],"about":[{"href":"https:\/\/www.kirchner-immobilienbewertung.de\/blog\/wp-json\/wp\/v2\/types\/post"}],"author":[{"embeddable":true,"href":"https:\/\/www.kirchner-immobilienbewertung.de\/blog\/wp-json\/wp\/v2\/users\/6"}],"replies":[{"embeddable":true,"href":"https:\/\/www.kirchner-immobilienbewertung.de\/blog\/wp-json\/wp\/v2\/comments?post=1938"}],"version-history":[{"count":2,"href":"https:\/\/www.kirchner-immobilienbewertung.de\/blog\/wp-json\/wp\/v2\/posts\/1938\/revisions"}],"predecessor-version":[{"id":1975,"href":"https:\/\/www.kirchner-immobilienbewertung.de\/blog\/wp-json\/wp\/v2\/posts\/1938\/revisions\/1975"}],"wp:featuredmedia":[{"embeddable":true,"href":"https:\/\/www.kirchner-immobilienbewertung.de\/blog\/wp-json\/wp\/v2\/media\/2218"}],"wp:attachment":[{"href":"https:\/\/www.kirchner-immobilienbewertung.de\/blog\/wp-json\/wp\/v2\/media?parent=1938"}],"wp:term":[{"taxonomy":"category","embeddable":true,"href":"https:\/\/www.kirchner-immobilienbewertung.de\/blog\/wp-json\/wp\/v2\/categories?post=1938"},{"taxonomy":"post_tag","embeddable":true,"href":"https:\/\/www.kirchner-immobilienbewertung.de\/blog\/wp-json\/wp\/v2\/tags?post=1938"}],"curies":[{"name":"wp","href":"https:\/\/api.w.org\/{rel}","templated":true}]}}