{"id":1982,"date":"2014-02-25T14:05:50","date_gmt":"2014-02-25T14:05:50","guid":{"rendered":"http:\/\/www.kirchner-immobilienbewertung.de\/blog\/?p=1982"},"modified":"2020-11-18T09:16:31","modified_gmt":"2020-11-18T09:16:31","slug":"geplante-mietpreisbremse-stoesst-bei-verbaenden-auf-widerstand","status":"publish","type":"post","link":"https:\/\/www.kirchner-immobilienbewertung.de\/blog\/geplante-mietpreisbremse-stoesst-bei-verbaenden-auf-widerstand","title":{"rendered":"Geplante Mietpreisbremse st\u00f6\u00dft bei Verb\u00e4nden auf Widerstand"},"content":{"rendered":"<p>Von Anfang an haben Branchenverb\u00e4nde heftig gegen die von der Gro\u00dfen Koalition geplante <strong>Mietpreisbremse <\/strong>protestiert. Nach ihrer Meinung w\u00fcrde das Gesetz sowohl Investitionen in bestehenden Wohnraum als auch den Neubau hemmen. Vor allem die Neubauaktivit\u00e4t sei aber dringend n\u00f6tig, um die Knappheit auf den Wohnungsm\u00e4rkten einzelner Regionen bek\u00e4mpfen zu k\u00f6nnen.<\/p>\n<p><b>Gesetz und Gegenkonzept<\/b><br \/>\nSollte die Mietpreisbremse Gesetz werden, darf die Miete in <strong>angespannter Wohnungsmarksituation<\/strong> nur noch um h\u00f6chstens 10 Prozent im Vergleich zum Mietspiegelwert steigen. Die Bremse gilt allerdings nur bei Wiedervermietung, nicht hingegen bei Erstvermietung. Die Branchenverb\u00e4nde sehen in dieser Regelung eine Gefahr f\u00fcr die k\u00fcnftige Investitionsbereitschaft. Sowohl Renovierungen vor Wiedervermietung als auch die Neubaut\u00e4tigkeit w\u00fcrden ihrer Meinung nach durch das geplante Gesetz auf lange Sicht zur\u00fcckgehen. Um diese Behauptungen zu belegen, haben mehrere Verb\u00e4nde zusammen mit dem IVD eine Umfrage in der Branche durchgef\u00fchrt. Insgesamt wurden dabei 1.873 Experten aus dem Immobilienbereich befragt. 72,6 Prozent dieser Gruppe geben an, dass sie ihre schon geplanten Investitionen nochmals \u00fcberdenken w\u00fcrden, wenn die Mietpreisbremse tats\u00e4chlich k\u00e4me. Damit sehen die Verb\u00e4nde ihre Bef\u00fcrchtungen voll und ganz best\u00e4tigt. Deshalb wollen sie nun ein Gegenkonzept zum geplanten Gesetz entwerfen. Laut IVD habe die neue Bundesregierung eine diesbez\u00fcgliche Anh\u00f6rung sp\u00e4testens im zweiten Quartal des laufenden Jahres zugesagt. Dort sollen die Alternativvorschl\u00e4ge dann pr\u00e4sentiert werden. IVD Pr\u00e4sident Jens Ulrich Kie\u00dfling nennt dazu keine konkreten Details, denn man arbeite noch daran. Immerhin deutete Kie\u00dfling schon an, worauf sich das Gegenkonzept haupts\u00e4chlich beziehen wird. Man will am Paragraphen 5 des Wirtschaftsstrafgesetzes ansetzen, der eine Mietpreis\u00fcberh\u00f6hung ausschlie\u00dft, die mehr als 20 Prozent \u00fcber der orts\u00fcblichen Vergleichsmiete liegt. Bei diesem Paragraphen m\u00fcsse man die Beweispflicht umkehren. Bisher muss der Mieter bei einer Klage nachweisen, dass der Wohnungsmarkt tats\u00e4chlich fl\u00e4chendeckend angespannt ist. Kie\u00dfling m\u00f6chte nun die Beweislast auf den Vermieter \u00fcbertragen. Nach seiner Ansicht w\u00fcrde man mit dieser Ma\u00dfnahme explizit die schwarzen Schafe treffen. Mit der Mietpreisbremse hingegen tr\u00e4fe man die gro\u00dfe Mehrheit der Vermieter, die sich ihren Mietern gegen\u00fcber fair verhalten. \u00c4hnliche Vorschl\u00e4ge wie dieser waren allerdings schon bei der letzten Mietrechtsreform gescheitert. Man darf also gespannt sein, was die Verb\u00e4nde f\u00fcr die angek\u00fcndigte Anh\u00f6rung noch Neueres in petto haben.<\/p>\n<p><b>Die erwarteten Folgen der Mietpreisbremse<\/b><br \/>\n<a href=\"http:\/\/www.ivd.net\/der-bundesverband\/nachrichtendetail\/archive\/2011\/february\/article\/jens-ulrich-kiessling.html\">Jens Ulrich Kie\u00dfling<\/a> und seine Verbandskollegen bef\u00fcrchten, dass durch das geplante Gesetz vor allem Neubaupl\u00e4ne ausgebremst w\u00fcrden. Er sieht sogar schon jetzt Anzeichen daf\u00fcr, dass bereits genehmigte Wohnbauvorhaben verschoben w\u00fcrden. Investoren neigten aufgrund der drohenden Mietpreisbremse dazu, eher auf Eigentumswohnungen als auf Mietwohnungen zu setzen. Den Ausschluss von Erstvermietungen aus dem Gesetz bewertet der IVD als wenig hilfreich. Investoren kalkulierten sehr langfristig, deshalb spiele diese Einschr\u00e4nkung bei anstehenden Entscheidungen keine ausschlaggebende Rolle. Neben den schlechten Aussichten bez\u00fcglich der Neubaut\u00e4tigkeiten sehen die Verb\u00e4nde nach Inkrafttreten der Mietpreisbremse auch f\u00fcr Renovierungen bestehenden Wohnraums schwarz. In ihrer Umfrage haben sie die Experten um ihre Einsch\u00e4tzung in Bezug auf solche Arbeiten nach dem Auszug eines Mieters gebeten. Die Befragten sehen den Anteil an Renovationen vor Neuvermietung durch das geplante Gesetz sinken. Momentan werden nach Auskunft des IVD 39,3 Prozent der Wohnungen durch den Vermieter renoviert, nachdem ein Mieter ausgezogen ist. Die befragten Immobilienexperten prognostizieren durch die Mietpreisbremse einen R\u00fcckgang dieser Quote auf 20,9 Prozent. \u00c4hnliches gilt f\u00fcr die Modernisierung. Da im geplanten Gesetz auch eine Absenkung der Modernisierungsumlage von 11 auf 10 Prozent vorgesehen ist, sehen 79,4 Prozent einen R\u00fcckgang der Modernisierungen voraus. Nur 18 Prozent glauben, die Quote werde gleich bleiben, auch wenn die Vermieter 1 Prozent weniger der Kosten auf die Mieter abw\u00e4lzen k\u00f6nnten. Schon jetzt liegt die Modernisierungsquote bei insgesamt lediglich 1 Prozent. Der IVD kritisiert, dass die negativen Folgen der geplanten Mietpreisbremse ausnahmslos die Mieter zu tragen h\u00e4tten.<\/p>\n<p><b>Kommt die Mietpreisbremse?<\/b><br \/>\nOb das Gesetz noch in diesem Jahr <strong>unter Dach und Fach<\/strong> gebracht werden kann, ist fraglich. Immerhin sind zwei bis drei Bundesministerien mit dem Gesetzentwurf befasst, wie ein Sprecher des Bundesjustizministeriums sagt. Minister <a href=\"http:\/\/www.bundesregierung.de\/Webs\/Breg\/DE\/Bundesregierung\/Bundeskabinett\/HeikoMaas\/_node.html\">Heiko Maas<\/a> von der SPD hat bei deisem Verfahren die Federf\u00fchrung inne. Ist der Gesetzentwurf einmal ausgearbeitet, folgt auch noch das Gesetzgebungsverfahren im Bundestag. Die Mietpreisbremse geh\u00f6rt dem Sprecher zufolge aber zu den Gesetzesentw\u00fcrfen mit Priorit\u00e4t. Auch die Bundesbauministerin <a href=\"http:\/\/www.barbara-hendricks.de\/\">Barbara Hendricks<\/a>, ebenfalls SPD, sieht das Projekt als vordringliche Aufgabe an, wie sie k\u00fcrzlich erkl\u00e4rte.<\/p>\n","protected":false},"excerpt":{"rendered":"<p>Von Anfang an haben Branchenverb\u00e4nde heftig gegen die von der Gro\u00dfen Koalition geplante Mietpreisbremse protestiert. Nach ihrer Meinung w\u00fcrde das Gesetz sowohl Investitionen in bestehenden Wohnraum als auch den Neubau hemmen. Vor allem die Neubauaktivit\u00e4t sei aber dringend n\u00f6tig, um die Knappheit auf den Wohnungsm\u00e4rkten einzelner Regionen bek\u00e4mpfen zu k\u00f6nnen. Gesetz und Gegenkonzept Sollte die [&hellip;]<\/p>\n","protected":false},"author":6,"featured_media":2200,"comment_status":"open","ping_status":"open","sticky":false,"template":"","format":"standard","meta":{"ocean_post_layout":"","ocean_both_sidebars_style":"","ocean_both_sidebars_content_width":0,"ocean_both_sidebars_sidebars_width":0,"ocean_sidebar":"0","ocean_second_sidebar":"0","ocean_disable_margins":"enable","ocean_add_body_class":"","ocean_shortcode_before_top_bar":"","ocean_shortcode_after_top_bar":"","ocean_shortcode_before_header":"","ocean_shortcode_after_header":"","ocean_has_shortcode":"","ocean_shortcode_after_title":"","ocean_shortcode_before_footer_widgets":"","ocean_shortcode_after_footer_widgets":"","ocean_shortcode_before_footer_bottom":"","ocean_shortcode_after_footer_bottom":"","ocean_display_top_bar":"default","ocean_display_header":"default","ocean_header_style":"","ocean_center_header_left_menu":"0","ocean_custom_header_template":"0","ocean_custom_logo":0,"ocean_custom_retina_logo":0,"ocean_custom_logo_max_width":0,"ocean_custom_logo_tablet_max_width":0,"ocean_custom_logo_mobile_max_width":0,"ocean_custom_logo_max_height":0,"ocean_custom_logo_tablet_max_height":0,"ocean_custom_logo_mobile_max_height":0,"ocean_header_custom_menu":"0","ocean_menu_typo_font_family":"0","ocean_menu_typo_font_subset":"","ocean_menu_typo_font_size":0,"ocean_menu_typo_font_size_tablet":0,"ocean_menu_typo_font_size_mobile":0,"ocean_menu_typo_font_size_unit":"px","ocean_menu_typo_font_weight":"","ocean_menu_typo_font_weight_tablet":"","ocean_menu_typo_font_weight_mobile":"","ocean_menu_typo_transform":"","ocean_menu_typo_transform_tablet":"","ocean_menu_typo_transform_mobile":"","ocean_menu_typo_line_height":0,"ocean_menu_typo_line_height_tablet":0,"ocean_menu_typo_line_height_mobile":0,"ocean_menu_typo_line_height_unit":"","ocean_menu_typo_spacing":0,"ocean_menu_typo_spacing_tablet":0,"ocean_menu_typo_spacing_mobile":0,"ocean_menu_typo_spacing_unit":"","ocean_menu_link_color":"","ocean_menu_link_color_hover":"","ocean_menu_link_color_active":"","ocean_menu_link_background":"","ocean_menu_link_hover_background":"","ocean_menu_link_active_background":"","ocean_menu_social_links_bg":"","ocean_menu_social_hover_links_bg":"","ocean_menu_social_links_color":"","ocean_menu_social_hover_links_color":"","ocean_disable_title":"default","ocean_disable_heading":"default","ocean_post_title":"","ocean_post_subheading":"","ocean_post_title_style":"","ocean_post_title_background_color":"","ocean_post_title_background":0,"ocean_post_title_bg_image_position":"","ocean_post_title_bg_image_attachment":"","ocean_post_title_bg_image_repeat":"","ocean_post_title_bg_image_size":"","ocean_post_title_height":0,"ocean_post_title_bg_overlay":0.5,"ocean_post_title_bg_overlay_color":"","ocean_disable_breadcrumbs":"default","ocean_breadcrumbs_color":"","ocean_breadcrumbs_separator_color":"","ocean_breadcrumbs_links_color":"","ocean_breadcrumbs_links_hover_color":"","ocean_display_footer_widgets":"default","ocean_display_footer_bottom":"default","ocean_custom_footer_template":"0","ocean_post_oembed":"","ocean_post_self_hosted_media":"","ocean_post_video_embed":"","ocean_link_format":"","ocean_link_format_target":"self","ocean_quote_format":"","ocean_quote_format_link":"post","ocean_gallery_link_images":"off","ocean_gallery_id":[],"footnotes":""},"categories":[11],"tags":[2018,2019,2020,2021,253,2023,2024,1933,2025,2022,886],"class_list":["post-1982","post","type-post","status-publish","format-standard","has-post-thumbnail","hentry","category-immobilienmarkt-deutschland","tag-bezahlbarer-wohnraum","tag-gesetz","tag-gesetzesentwurf","tag-mietpreisbremse","tag-mietspiegel","tag-mietwohnungsmarkt","tag-modernisierung-von-mietwohnungen","tag-ortsuebliche-vergleichsmiete","tag-renovierung-von-mietwohnung","tag-wohnungsknappheit","tag-wohnungsmarkt","entry","has-media"],"aioseo_notices":[],"_links":{"self":[{"href":"https:\/\/www.kirchner-immobilienbewertung.de\/blog\/wp-json\/wp\/v2\/posts\/1982","targetHints":{"allow":["GET"]}}],"collection":[{"href":"https:\/\/www.kirchner-immobilienbewertung.de\/blog\/wp-json\/wp\/v2\/posts"}],"about":[{"href":"https:\/\/www.kirchner-immobilienbewertung.de\/blog\/wp-json\/wp\/v2\/types\/post"}],"author":[{"embeddable":true,"href":"https:\/\/www.kirchner-immobilienbewertung.de\/blog\/wp-json\/wp\/v2\/users\/6"}],"replies":[{"embeddable":true,"href":"https:\/\/www.kirchner-immobilienbewertung.de\/blog\/wp-json\/wp\/v2\/comments?post=1982"}],"version-history":[{"count":2,"href":"https:\/\/www.kirchner-immobilienbewertung.de\/blog\/wp-json\/wp\/v2\/posts\/1982\/revisions"}],"predecessor-version":[{"id":2017,"href":"https:\/\/www.kirchner-immobilienbewertung.de\/blog\/wp-json\/wp\/v2\/posts\/1982\/revisions\/2017"}],"wp:featuredmedia":[{"embeddable":true,"href":"https:\/\/www.kirchner-immobilienbewertung.de\/blog\/wp-json\/wp\/v2\/media\/2200"}],"wp:attachment":[{"href":"https:\/\/www.kirchner-immobilienbewertung.de\/blog\/wp-json\/wp\/v2\/media?parent=1982"}],"wp:term":[{"taxonomy":"category","embeddable":true,"href":"https:\/\/www.kirchner-immobilienbewertung.de\/blog\/wp-json\/wp\/v2\/categories?post=1982"},{"taxonomy":"post_tag","embeddable":true,"href":"https:\/\/www.kirchner-immobilienbewertung.de\/blog\/wp-json\/wp\/v2\/tags?post=1982"}],"curies":[{"name":"wp","href":"https:\/\/api.w.org\/{rel}","templated":true}]}}