{"id":309,"date":"2010-08-08T14:08:56","date_gmt":"2010-08-08T14:08:56","guid":{"rendered":"http:\/\/www.kirchner-immobilienbewertung.de\/blog\/?p=309"},"modified":"2020-11-19T15:12:37","modified_gmt":"2020-11-19T15:12:37","slug":"arbeiten-im-buero-sonnenschutz-fuer-bueroraeume","status":"publish","type":"post","link":"https:\/\/www.kirchner-immobilienbewertung.de\/blog\/arbeiten-im-buero-sonnenschutz-fuer-bueroraeume","title":{"rendered":"Arbeiten im B\u00fcro: Sonnenschutz f\u00fcr B\u00fcror\u00e4ume"},"content":{"rendered":"<p>So sch\u00f6n der Sommer ist, an manch einem B\u00fcroarbeitsplatz herrschen bei sommerlichen Temperaturen allerdings sauna\u00e4hnliche Bedingungen und machen selbst das geistige Arbeiten beschwerlich.&nbsp;<\/p>\n<p>Dies gilt oft f\u00fcr B\u00fcros, die sich unter dem Dach befinden oder \u00fcber viele Glas- bzw. Fensterfl\u00e4chen verf\u00fcgen. Bei \u00e4lteren Geb\u00e4uden fehlt zumeist der Sonnenschutz. Erst Geb\u00e4ude, mit einem Alter j\u00fcnger 20 Jahre weisen in der Regel Sonnenschutzinstallationen bzw. Klimatechnik auf. Gem\u00e4\u00df Arbeitsst\u00e4ttenregel sind Arbeitgeber dazu verpflichtet, daf\u00fcr zu sorgen, dass die Temperaturen in B\u00fcror\u00e4umen im Sommer 26 \u00b0 Celsius nicht \u00fcberschreiten bzw. entsprechenden Sonnenschutz zu installieren.&nbsp;<\/p>\n<p>Was die Vermieterseite betrifft, bestehen f\u00fcr diesen keinerlei rechtliche Verpflichtungen, nachtr\u00e4glich Rollos, Klimaanlagen oder Markisen einzubauen. Sicherlich w\u00fcrde der Vermieter sich aber an den Kosten f\u00fcr den nachtr\u00e4glichen Einbau beteiligen, wenn ihm an seinem Mieter gelegen ist und er diesen l\u00e4ngerfristig an sich binden m\u00f6chte. Dies bedarf aber genauso der Absprache, wie die Form des Sonnenschutzes, wenn dieser au\u00dferhalb des Geb\u00e4udes angebracht wird. Zum einen darf das Gesamtbild des Geb\u00e4udes nicht beeintr\u00e4chtigt werden, zum anderen gilt es, ggf. mit dem Architekten des Geb\u00e4udes R\u00fccksprache zu halten, um dessen \u201egeistiges Eigentum\u201c nicht zu verletzen.&nbsp;<\/p>\n<p>Generell ist es zun\u00e4chst Sache des Mieters, bereits bei der Besichtigung der R\u00e4umlichkeiten die klimatische Situation bzw. Ausrichtung der R\u00e4umlichkeiten zu \u00fcberpr\u00fcfen. W\u00e4hrend Sonnenschutzma\u00dfnahmen au\u00dferhalb des Geb\u00e4udes immer der Zustimmung des Vermieters bed\u00fcrfen, kann der Mieter innerhalb seiner R\u00e4umlichkeiten freier schalten und walten. Er darf Ventilatoren, externe Klimager\u00e4te, an den Fensterinnenfl\u00e4chen Rollos, Vorh\u00e4nge oder Reflexionsfolien anbringen, die die Strahlung abhalten.<\/p>\n<p>Gespart werden sollte hier aber so oder so nicht, denn \u00fcberhitzte Festplatten oder gar Serverr\u00e4ume k\u00f6nnen schnell zu Datenverlust f\u00fchren, wenn das EDV-System aufgrund \u00fcberhitzter R\u00e4ume in die Knie geht. F\u00fcr die Mitarbeiter gelten zus\u00e4tzlich noch die bew\u00e4hrten Ma\u00dfnahmen wie morgens und abends Sto\u00df l\u00fcften sowie Lampen, Drucker und andere technische Ger\u00e4te, die W\u00e4rme abstrahlen, nur bei Bedarf einzuschalten.<\/p>\n","protected":false},"excerpt":{"rendered":"<p>So sch\u00f6n der Sommer ist, an manch einem B\u00fcroarbeitsplatz herrschen bei sommerlichen Temperaturen allerdings sauna\u00e4hnliche Bedingungen und machen selbst das geistige Arbeiten beschwerlich.&nbsp; Dies gilt oft f\u00fcr B\u00fcros, die sich unter dem Dach befinden oder \u00fcber viele Glas- bzw. Fensterfl\u00e4chen verf\u00fcgen. Bei \u00e4lteren Geb\u00e4uden fehlt zumeist der Sonnenschutz. Erst Geb\u00e4ude, mit einem Alter j\u00fcnger 20 [&hellip;]<\/p>\n","protected":false},"author":3,"featured_media":2807,"comment_status":"open","ping_status":"open","sticky":false,"template":"","format":"standard","meta":{"ocean_post_layout":"","ocean_both_sidebars_style":"","ocean_both_sidebars_content_width":0,"ocean_both_sidebars_sidebars_width":0,"ocean_sidebar":"0","ocean_second_sidebar":"0","ocean_disable_margins":"enable","ocean_add_body_class":"","ocean_shortcode_before_top_bar":"","ocean_shortcode_after_top_bar":"","ocean_shortcode_before_header":"","ocean_shortcode_after_header":"","ocean_has_shortcode":"","ocean_shortcode_after_title":"","ocean_shortcode_before_footer_widgets":"","ocean_shortcode_after_footer_widgets":"","ocean_shortcode_before_footer_bottom":"","ocean_shortcode_after_footer_bottom":"","ocean_display_top_bar":"default","ocean_display_header":"default","ocean_header_style":"","ocean_center_header_left_menu":"0","ocean_custom_header_template":"0","ocean_custom_logo":0,"ocean_custom_retina_logo":0,"ocean_custom_logo_max_width":0,"ocean_custom_logo_tablet_max_width":0,"ocean_custom_logo_mobile_max_width":0,"ocean_custom_logo_max_height":0,"ocean_custom_logo_tablet_max_height":0,"ocean_custom_logo_mobile_max_height":0,"ocean_header_custom_menu":"0","ocean_menu_typo_font_family":"0","ocean_menu_typo_font_subset":"","ocean_menu_typo_font_size":0,"ocean_menu_typo_font_size_tablet":0,"ocean_menu_typo_font_size_mobile":0,"ocean_menu_typo_font_size_unit":"px","ocean_menu_typo_font_weight":"","ocean_menu_typo_font_weight_tablet":"","ocean_menu_typo_font_weight_mobile":"","ocean_menu_typo_transform":"","ocean_menu_typo_transform_tablet":"","ocean_menu_typo_transform_mobile":"","ocean_menu_typo_line_height":0,"ocean_menu_typo_line_height_tablet":0,"ocean_menu_typo_line_height_mobile":0,"ocean_menu_typo_line_height_unit":"","ocean_menu_typo_spacing":0,"ocean_menu_typo_spacing_tablet":0,"ocean_menu_typo_spacing_mobile":0,"ocean_menu_typo_spacing_unit":"","ocean_menu_link_color":"","ocean_menu_link_color_hover":"","ocean_menu_link_color_active":"","ocean_menu_link_background":"","ocean_menu_link_hover_background":"","ocean_menu_link_active_background":"","ocean_menu_social_links_bg":"","ocean_menu_social_hover_links_bg":"","ocean_menu_social_links_color":"","ocean_menu_social_hover_links_color":"","ocean_disable_title":"default","ocean_disable_heading":"default","ocean_post_title":"","ocean_post_subheading":"","ocean_post_title_style":"","ocean_post_title_background_color":"","ocean_post_title_background":0,"ocean_post_title_bg_image_position":"","ocean_post_title_bg_image_attachment":"","ocean_post_title_bg_image_repeat":"","ocean_post_title_bg_image_size":"","ocean_post_title_height":0,"ocean_post_title_bg_overlay":0.5,"ocean_post_title_bg_overlay_color":"","ocean_disable_breadcrumbs":"default","ocean_breadcrumbs_color":"","ocean_breadcrumbs_separator_color":"","ocean_breadcrumbs_links_color":"","ocean_breadcrumbs_links_hover_color":"","ocean_display_footer_widgets":"default","ocean_display_footer_bottom":"default","ocean_custom_footer_template":"0","ocean_post_oembed":"","ocean_post_self_hosted_media":"","ocean_post_video_embed":"","ocean_link_format":"","ocean_link_format_target":"self","ocean_quote_format":"","ocean_quote_format_link":"post","ocean_gallery_link_images":"off","ocean_gallery_id":[],"footnotes":""},"categories":[1],"tags":[419,171,418,420,417],"class_list":["post-309","post","type-post","status-publish","format-standard","has-post-thumbnail","hentry","category-immobilien-allgemein","tag-arbeitsstaeuettenregel","tag-architekten","tag-bueroraeume","tag-geistiges-eigentum","tag-sonnenschutz","entry","has-media"],"aioseo_notices":[],"_links":{"self":[{"href":"https:\/\/www.kirchner-immobilienbewertung.de\/blog\/wp-json\/wp\/v2\/posts\/309","targetHints":{"allow":["GET"]}}],"collection":[{"href":"https:\/\/www.kirchner-immobilienbewertung.de\/blog\/wp-json\/wp\/v2\/posts"}],"about":[{"href":"https:\/\/www.kirchner-immobilienbewertung.de\/blog\/wp-json\/wp\/v2\/types\/post"}],"author":[{"embeddable":true,"href":"https:\/\/www.kirchner-immobilienbewertung.de\/blog\/wp-json\/wp\/v2\/users\/3"}],"replies":[{"embeddable":true,"href":"https:\/\/www.kirchner-immobilienbewertung.de\/blog\/wp-json\/wp\/v2\/comments?post=309"}],"version-history":[{"count":4,"href":"https:\/\/www.kirchner-immobilienbewertung.de\/blog\/wp-json\/wp\/v2\/posts\/309\/revisions"}],"predecessor-version":[{"id":2808,"href":"https:\/\/www.kirchner-immobilienbewertung.de\/blog\/wp-json\/wp\/v2\/posts\/309\/revisions\/2808"}],"wp:featuredmedia":[{"embeddable":true,"href":"https:\/\/www.kirchner-immobilienbewertung.de\/blog\/wp-json\/wp\/v2\/media\/2807"}],"wp:attachment":[{"href":"https:\/\/www.kirchner-immobilienbewertung.de\/blog\/wp-json\/wp\/v2\/media?parent=309"}],"wp:term":[{"taxonomy":"category","embeddable":true,"href":"https:\/\/www.kirchner-immobilienbewertung.de\/blog\/wp-json\/wp\/v2\/categories?post=309"},{"taxonomy":"post_tag","embeddable":true,"href":"https:\/\/www.kirchner-immobilienbewertung.de\/blog\/wp-json\/wp\/v2\/tags?post=309"}],"curies":[{"name":"wp","href":"https:\/\/api.w.org\/{rel}","templated":true}]}}