{"id":584,"date":"2010-12-11T13:05:19","date_gmt":"2010-12-11T13:05:19","guid":{"rendered":"http:\/\/www.kirchner-immobilienbewertung.de\/blog\/?p=584"},"modified":"2020-11-19T13:40:49","modified_gmt":"2020-11-19T13:40:49","slug":"oh-du-froehliche-oder-wie-viel-weihnachtsdekoration-ist-erlaubt","status":"publish","type":"post","link":"https:\/\/www.kirchner-immobilienbewertung.de\/blog\/oh-du-froehliche-oder-wie-viel-weihnachtsdekoration-ist-erlaubt","title":{"rendered":"Oh Du Fr\u00f6hliche oder wie viel Weihnachtsdekoration ist erlaubt"},"content":{"rendered":"<p>Weihnachten steht vor der T\u00fcr, f\u00fcr viele Deutsche der H\u00f6hepunkt des Jahres, den sie neben den \u00fcblichen Feierlichkeiten auch mit der entsprechenden Dekoration einl\u00e4uten m\u00f6chten. Doch nicht selten f\u00fchrt die pers\u00f6nliche Kreativit\u00e4t zur Weihnachtszeit in Mietsh\u00e4usern zu Streitigkeiten, die mitunter auch vor Gericht enden k\u00f6nnen \u2013 was dem Fest der Liebe nicht gerade zutr\u00e4glich ist.<\/p>\n<p>Nachfolgend ein kleiner \u00dcberblick m\u00f6glicher Streitquellen und dessen, was zumutbar ist. Generell gilt: in der eigenen Wohnung darf nach Herzenslust dekoriert werden, der Fantasie, Gr\u00f6\u00dfe und Menge der sind hier keine Grenzen gesetzt. Anders sieht es schon im Treppenhaus aus, das als Gemeinschaftseigentum gilt. Einen Adventskranz an der Wohnungst\u00fcr als Ausdruck eines Brauchtums ist zul\u00e4ssig (Urteil Landgericht D\u00fcsseldorf, Az: 25 T 500 \/ 89), von \u00fcppigeren Dekorationen, die zudem die Fluchtwege einschr\u00e4nken k\u00f6nnten, ist dagegen abzusehen.&nbsp;<\/p>\n<p>Ein anderes Negativbeispiel, das es ebenfalls bis vor das Oberlandesgericht D\u00fcsseldorf schaffte: Duftkerzen im Treppenhaus, durch die sich die Mitbewohner bel\u00e4stigt f\u00fchlten. Per Gerichtsbeschluss wurde dem Mieter das Abbrennen der Weihnachtsd\u00fcfte untersagt und als \u201ebestimmungswidrige Nutzung des Gemeinschaftseigentums\u201c eingestuft (OLG D\u00fcsseldorf Az: 3 WX 98 \/ 03).&nbsp;<\/p>\n<p>Was den Balkon betrifft, gelten gleiche Regeln wie in der eigenen Wohnung: prinzipiell darf nach Lust und Laune dekoriert werden. Einzige Ausnahme: der Mietvertrag untersagt Dekorationen aller Art auf dem Balkon. Nichtsdestotrotz sollte auch hier jeder darauf achten, den Nachbar nicht durch z. B. permanent blinkende Neonlichter in seiner Nachtruhe oder beim gem\u00fctlichen Fernsehabend zu st\u00f6ren. Eine weitere Empfehlung: die Beleuchtung nach 22 Uhr ausschalten. So sollte der weihnachtliche Frieden in der Nachbarschaft gewahrt bleiben. Sind dagegen gr\u00f6\u00dfere Dekorationsgegenst\u00e4nde an der Fassade, der Balkon- oder Terrassenau\u00dfenwand geplant \u2013 jeder kennt beispielsweise die die Hauswand st\u00fcrmenden Nikol\u00e4use \u2013 muss zun\u00e4chst das Einverst\u00e4ndnis des Hauseigent\u00fcmers eingeholt werden. Denn zum einen m\u00fcssen eventuell Halterungen in die Au\u00dfenwand gebohrt werden, zum anderen haftet der Hauseigent\u00fcmer direkt bei Unf\u00e4llen, wenn z. B. der Dekogegenstand bei nicht fachgerechter Montage herunterst\u00fcrzt und Passanten verletzt oder Autos besch\u00e4digt.<\/p>\n","protected":false},"excerpt":{"rendered":"<p>Weihnachten steht vor der T\u00fcr, f\u00fcr viele Deutsche der H\u00f6hepunkt des Jahres, den sie neben den \u00fcblichen Feierlichkeiten auch mit der entsprechenden Dekoration einl\u00e4uten m\u00f6chten. Doch nicht selten f\u00fchrt die pers\u00f6nliche Kreativit\u00e4t zur Weihnachtszeit in Mietsh\u00e4usern zu Streitigkeiten, die mitunter auch vor Gericht enden k\u00f6nnen \u2013 was dem Fest der Liebe nicht gerade zutr\u00e4glich ist. [&hellip;]<\/p>\n","protected":false},"author":3,"featured_media":2699,"comment_status":"open","ping_status":"open","sticky":false,"template":"","format":"standard","meta":{"ocean_post_layout":"","ocean_both_sidebars_style":"","ocean_both_sidebars_content_width":0,"ocean_both_sidebars_sidebars_width":0,"ocean_sidebar":"0","ocean_second_sidebar":"0","ocean_disable_margins":"enable","ocean_add_body_class":"","ocean_shortcode_before_top_bar":"","ocean_shortcode_after_top_bar":"","ocean_shortcode_before_header":"","ocean_shortcode_after_header":"","ocean_has_shortcode":"","ocean_shortcode_after_title":"","ocean_shortcode_before_footer_widgets":"","ocean_shortcode_after_footer_widgets":"","ocean_shortcode_before_footer_bottom":"","ocean_shortcode_after_footer_bottom":"","ocean_display_top_bar":"default","ocean_display_header":"default","ocean_header_style":"","ocean_center_header_left_menu":"0","ocean_custom_header_template":"0","ocean_custom_logo":0,"ocean_custom_retina_logo":0,"ocean_custom_logo_max_width":0,"ocean_custom_logo_tablet_max_width":0,"ocean_custom_logo_mobile_max_width":0,"ocean_custom_logo_max_height":0,"ocean_custom_logo_tablet_max_height":0,"ocean_custom_logo_mobile_max_height":0,"ocean_header_custom_menu":"0","ocean_menu_typo_font_family":"0","ocean_menu_typo_font_subset":"","ocean_menu_typo_font_size":0,"ocean_menu_typo_font_size_tablet":0,"ocean_menu_typo_font_size_mobile":0,"ocean_menu_typo_font_size_unit":"px","ocean_menu_typo_font_weight":"","ocean_menu_typo_font_weight_tablet":"","ocean_menu_typo_font_weight_mobile":"","ocean_menu_typo_transform":"","ocean_menu_typo_transform_tablet":"","ocean_menu_typo_transform_mobile":"","ocean_menu_typo_line_height":0,"ocean_menu_typo_line_height_tablet":0,"ocean_menu_typo_line_height_mobile":0,"ocean_menu_typo_line_height_unit":"","ocean_menu_typo_spacing":0,"ocean_menu_typo_spacing_tablet":0,"ocean_menu_typo_spacing_mobile":0,"ocean_menu_typo_spacing_unit":"","ocean_menu_link_color":"","ocean_menu_link_color_hover":"","ocean_menu_link_color_active":"","ocean_menu_link_background":"","ocean_menu_link_hover_background":"","ocean_menu_link_active_background":"","ocean_menu_social_links_bg":"","ocean_menu_social_hover_links_bg":"","ocean_menu_social_links_color":"","ocean_menu_social_hover_links_color":"","ocean_disable_title":"default","ocean_disable_heading":"default","ocean_post_title":"","ocean_post_subheading":"","ocean_post_title_style":"","ocean_post_title_background_color":"","ocean_post_title_background":0,"ocean_post_title_bg_image_position":"","ocean_post_title_bg_image_attachment":"","ocean_post_title_bg_image_repeat":"","ocean_post_title_bg_image_size":"","ocean_post_title_height":0,"ocean_post_title_bg_overlay":0.5,"ocean_post_title_bg_overlay_color":"","ocean_disable_breadcrumbs":"default","ocean_breadcrumbs_color":"","ocean_breadcrumbs_separator_color":"","ocean_breadcrumbs_links_color":"","ocean_breadcrumbs_links_hover_color":"","ocean_display_footer_widgets":"default","ocean_display_footer_bottom":"default","ocean_custom_footer_template":"0","ocean_post_oembed":"","ocean_post_self_hosted_media":"","ocean_post_video_embed":"","ocean_link_format":"","ocean_link_format_target":"self","ocean_quote_format":"","ocean_quote_format_link":"post","ocean_gallery_link_images":"off","ocean_gallery_id":[],"footnotes":""},"categories":[1],"tags":[758,757,759,756],"class_list":["post-584","post","type-post","status-publish","format-standard","has-post-thumbnail","hentry","category-immobilien-allgemein","tag-beleuchtung","tag-gemeinschaftseigentum","tag-hauseigentuemer","tag-weihnachtsdekoration","entry","has-media"],"aioseo_notices":[],"_links":{"self":[{"href":"https:\/\/www.kirchner-immobilienbewertung.de\/blog\/wp-json\/wp\/v2\/posts\/584","targetHints":{"allow":["GET"]}}],"collection":[{"href":"https:\/\/www.kirchner-immobilienbewertung.de\/blog\/wp-json\/wp\/v2\/posts"}],"about":[{"href":"https:\/\/www.kirchner-immobilienbewertung.de\/blog\/wp-json\/wp\/v2\/types\/post"}],"author":[{"embeddable":true,"href":"https:\/\/www.kirchner-immobilienbewertung.de\/blog\/wp-json\/wp\/v2\/users\/3"}],"replies":[{"embeddable":true,"href":"https:\/\/www.kirchner-immobilienbewertung.de\/blog\/wp-json\/wp\/v2\/comments?post=584"}],"version-history":[{"count":4,"href":"https:\/\/www.kirchner-immobilienbewertung.de\/blog\/wp-json\/wp\/v2\/posts\/584\/revisions"}],"predecessor-version":[{"id":2700,"href":"https:\/\/www.kirchner-immobilienbewertung.de\/blog\/wp-json\/wp\/v2\/posts\/584\/revisions\/2700"}],"wp:featuredmedia":[{"embeddable":true,"href":"https:\/\/www.kirchner-immobilienbewertung.de\/blog\/wp-json\/wp\/v2\/media\/2699"}],"wp:attachment":[{"href":"https:\/\/www.kirchner-immobilienbewertung.de\/blog\/wp-json\/wp\/v2\/media?parent=584"}],"wp:term":[{"taxonomy":"category","embeddable":true,"href":"https:\/\/www.kirchner-immobilienbewertung.de\/blog\/wp-json\/wp\/v2\/categories?post=584"},{"taxonomy":"post_tag","embeddable":true,"href":"https:\/\/www.kirchner-immobilienbewertung.de\/blog\/wp-json\/wp\/v2\/tags?post=584"}],"curies":[{"name":"wp","href":"https:\/\/api.w.org\/{rel}","templated":true}]}}