{"id":652,"date":"2011-01-21T06:01:47","date_gmt":"2011-01-21T06:01:47","guid":{"rendered":"http:\/\/www.kirchner-immobilienbewertung.de\/blog\/?p=652"},"modified":"2020-11-19T11:20:56","modified_gmt":"2020-11-19T11:20:56","slug":"ns-ordensburg-vogelsang-und-krimi-hotel-passt-nicht","status":"publish","type":"post","link":"https:\/\/www.kirchner-immobilienbewertung.de\/blog\/ns-ordensburg-vogelsang-und-krimi-hotel-passt-nicht","title":{"rendered":"Ex-NS-Ordensburg Vogelsang und Krimi-Hotel \u2013 passt (nicht?)"},"content":{"rendered":"<p style=\"text-align: justify\">Bisweilen werden auch Hotels zum Politikum. Mit dem geplanten Krimi-Hotel auf dem Areal der ehemaligen NS-Ordensburg Vogelsang in der nordrhein-westf\u00e4lischen Eifel hat sich j\u00fcngst beispielsweise die Bundesregierung besch\u00e4ftigt, da solch ein Hotel in einem ehemaligen Schulungszentrum f\u00fcr k\u00fcnftige Funktion\u00e4re der Nationalsozialisten von Teilen der Politik als geschmacklos bezeichnet wurde. Die Bundesregierung hat nun klargestellt, dass die Entscheidungsgewalt bei der Eifelgemeinde Schleiden liegt, auf dessen Gebiet sich die Ordensburg befindet. \u00dcber die Beurteilung des Projekts wird wohl noch ein bisschen gestritten werden.<\/p>\n<h3 style=\"text-align: justify\"><strong>Areal mit brauner Vergangenheit<\/strong><\/h3>\n<p style=\"text-align: justify\">Eins kann vielleicht ganz zu Beginn behauptet werden: Der Streit um das geplante Krimi-Hotel in Vogelsang ist ein Beleg daf\u00fcr, dass die Frage nach einem Hotelstandort bisweilen weit \u00fcber Themen wie Planungsrecht und Wirtschaftlichkeit hinausreicht und ethisch-moralische Fragen ber\u00fchrt. Die so genannte NS-Ordensburg in der Eifel wurde ab 1934 als \u201eReichsschulungslager Vogelsang\u201c gebaut, wobei sich ab 1935 der Name NS-Ordensburg durchsetzte. Unter anderem entstanden auf dem Areal die eigentliche Burg als Hauptgeb\u00e4ude, daneben Sportst\u00e4tten und so genannte Kameradschafts- und Hundertschaftsh\u00e4user. Ab 1936 begann hier der Lehrbetrieb f\u00fcr die k\u00fcnftigen NS-Funktion\u00e4re. Zu Kriegsbeginn \u00fcbernahm dann die Wehrmacht das Areal und im weiteren Kriegsverlauf wurde die Ordensburg f\u00fcr so genannte Adolf-Hitler-Schulen und als Wehrert\u00fcchtigungslager genutzt. Nach Kriegsende kamen zun\u00e4chst die Engl\u00e4nder und anschlie\u00dfend ab 1950 die Belgier, die das Gel\u00e4nde als Kaserne und als Truppen\u00fcbungsplatz nutzten. Seit 2006 ist die Anlage f\u00fcr die zivile Nutzung ge\u00f6ffnet.<\/p>\n<h3 style=\"text-align: justify\"><strong>Ein Hotel rund ums Thema \u201eKrimi\u201c<\/strong><\/h3>\n<p style=\"text-align: justify\">Vermarktet wird das etwa 50.000 Quadratmeter gro\u00dfe Areal von der Standortentwicklungsgesellschaft (SEV) Vogelsang, deren Gesellschafter neben dem Land Nordrhein-Westfalen und den Kreisen der Region auch die Bundesanstalt f\u00fcr Immobilienaufgaben ist. Mittlerweile gibt es ein Besucherzentrum, F\u00fchrungen und Gastronomie auf dem Gel\u00e4nde, das landschaftlich reizvoll in den Nationalpark Eifel eingebettet ist. Bei der bisherigen Nutzung alleine soll es jedoch nicht bleiben. Die Entwicklungsgesellschaft sucht Investoren. Entstehen soll \u201eein natur-, kultur- und bildungstouristisches Zentrum europ\u00e4ischen Ranges\u201c. Das klingt erst einmal nur bedingt nach dem passenden Umfeld f\u00fcr ein Krimi-Hotel. Genau solch ein Hotel m\u00f6chte das Planungsb\u00fcro Ernst und Neuberger Consult aus der Eifel auf dem Gel\u00e4nde realisieren. Urspr\u00fcnglich sollte das Drei- bis Vier-Sterne-Hotel mit 150 Betten f\u00fcr zwanzig Millionen Euro im Haus der ehemaligen belgischen Kaserne &#8222;van Dooren&#8220; entstehen. F\u00fcr das Hotel rechnete das Planungsb\u00fcro mit 50.000 \u00dcbernachtungen im Jahr, was eine durchschnittliche Belegung aller Zimmer an 333 Tagen pro Jahr bedeuten w\u00fcrde. 150 bis 200 neue Arbeitspl\u00e4tze wurden in Aussicht gestellt. Das Krimi-Hotel sollte rund um das Thema \u201eKrimi\u201c beispielsweise ein Kino, Seminare, eine Schauspielakademie sowie eine Bibliothek bieten und Ende 2012 er\u00f6ffnen.<\/p>\n<h3 style=\"text-align: justify\"><strong>Kritik und die Suche nach L\u00f6sungen<br \/>\n<\/strong><\/h3>\n<p style=\"text-align: justify\">Teils stie\u00df das Projekt auf heftige Kritik: Die Idee eines Krimihotels auf einem Gel\u00e4nde, auf dem \u201evor gut 70 Jahren sp\u00e4tere Massenm\u00f6rder\u201c unterrichtet worden seien, sei geschmacklos. So lautet eine der Aussagen in der Kleinen Anfrage, die die Bundesregierung j\u00fcngst beantwortet hat. Bewegung ist in die ganze Sache allerdings bereits zuvor gekommen. Zwischenzeitlich gab es Anzeichen daf\u00fcr, dass sich die Standortentwickler unter Umst\u00e4nden auch ein Hotel mit Film- und Schauspielakademie vorstellen k\u00f6nnen, die sich nicht auf den Themenbereich \u201eKrimi\u201c beschr\u00e4nkt. Auch ein anderer Standort auf dem Areal der Ordensburg ist in der Diskussion. J\u00fcngst hie\u00df es in den Medien allerdings, das Planungsb\u00fcro Ernst und Neuberger Consult w\u00fcrde sich das Projekt Krimi-Hotel nicht verw\u00e4ssern lassen wollen. Kurzum: Ganz Genaues wei\u00df man nicht. Die Projektvorstellung auf der Internetseite des Planungsb\u00fcros wird derzeit jedenfalls \u00fcberarbeitet und man darf gespannt sein, was kommt.<\/p>\n<h3 style=\"text-align: justify\"><strong><strong>Warten auf eine Entscheidung<\/strong><\/strong><\/h3>\n<p style=\"text-align: justify\">Was Entscheidungen angeht, ist jetzt wieder die Gemeinde Schleiden am Zuge. Deren B\u00fcrgermeister Ralf Hergarten hat bereits in den Medien ge\u00e4u\u00dfert, keine Probleme mit einem Krimi-Hotel auf dem Areal der ehemaligen NS-Ordensburg zu haben. Er brachte zugleich jedoch einen Beirat aus Experten wie Gesellschaftswissenschaftlern ins Gespr\u00e4ch, dem die Entscheidung \u201eKrimi-Hotel ja oder nein\u201c \u00fcberlassen werden k\u00f6nnte und dem er sich beugen werde. Eine Entscheidung soll nach Angaben der Aachener Zeitung bereits im Februar fallen.<\/p>\n","protected":false},"excerpt":{"rendered":"<p>Bisweilen werden auch Hotels zum Politikum. Mit dem geplanten Krimi-Hotel auf dem Areal der ehemaligen NS-Ordensburg Vogelsang in der nordrhein-westf\u00e4lischen Eifel hat sich j\u00fcngst beispielsweise die Bundesregierung besch\u00e4ftigt, da solch ein Hotel in einem ehemaligen Schulungszentrum f\u00fcr k\u00fcnftige Funktion\u00e4re der Nationalsozialisten von Teilen der Politik als geschmacklos bezeichnet wurde. Die Bundesregierung hat nun klargestellt, dass [&hellip;]<\/p>\n","protected":false},"author":2,"featured_media":2676,"comment_status":"open","ping_status":"open","sticky":false,"template":"","format":"standard","meta":{"ocean_post_layout":"","ocean_both_sidebars_style":"","ocean_both_sidebars_content_width":0,"ocean_both_sidebars_sidebars_width":0,"ocean_sidebar":"0","ocean_second_sidebar":"0","ocean_disable_margins":"enable","ocean_add_body_class":"","ocean_shortcode_before_top_bar":"","ocean_shortcode_after_top_bar":"","ocean_shortcode_before_header":"","ocean_shortcode_after_header":"","ocean_has_shortcode":"","ocean_shortcode_after_title":"","ocean_shortcode_before_footer_widgets":"","ocean_shortcode_after_footer_widgets":"","ocean_shortcode_before_footer_bottom":"","ocean_shortcode_after_footer_bottom":"","ocean_display_top_bar":"default","ocean_display_header":"default","ocean_header_style":"","ocean_center_header_left_menu":"0","ocean_custom_header_template":"0","ocean_custom_logo":0,"ocean_custom_retina_logo":0,"ocean_custom_logo_max_width":0,"ocean_custom_logo_tablet_max_width":0,"ocean_custom_logo_mobile_max_width":0,"ocean_custom_logo_max_height":0,"ocean_custom_logo_tablet_max_height":0,"ocean_custom_logo_mobile_max_height":0,"ocean_header_custom_menu":"0","ocean_menu_typo_font_family":"0","ocean_menu_typo_font_subset":"","ocean_menu_typo_font_size":0,"ocean_menu_typo_font_size_tablet":0,"ocean_menu_typo_font_size_mobile":0,"ocean_menu_typo_font_size_unit":"px","ocean_menu_typo_font_weight":"","ocean_menu_typo_font_weight_tablet":"","ocean_menu_typo_font_weight_mobile":"","ocean_menu_typo_transform":"","ocean_menu_typo_transform_tablet":"","ocean_menu_typo_transform_mobile":"","ocean_menu_typo_line_height":0,"ocean_menu_typo_line_height_tablet":0,"ocean_menu_typo_line_height_mobile":0,"ocean_menu_typo_line_height_unit":"","ocean_menu_typo_spacing":0,"ocean_menu_typo_spacing_tablet":0,"ocean_menu_typo_spacing_mobile":0,"ocean_menu_typo_spacing_unit":"","ocean_menu_link_color":"","ocean_menu_link_color_hover":"","ocean_menu_link_color_active":"","ocean_menu_link_background":"","ocean_menu_link_hover_background":"","ocean_menu_link_active_background":"","ocean_menu_social_links_bg":"","ocean_menu_social_hover_links_bg":"","ocean_menu_social_links_color":"","ocean_menu_social_hover_links_color":"","ocean_disable_title":"default","ocean_disable_heading":"default","ocean_post_title":"","ocean_post_subheading":"","ocean_post_title_style":"","ocean_post_title_background_color":"","ocean_post_title_background":0,"ocean_post_title_bg_image_position":"","ocean_post_title_bg_image_attachment":"","ocean_post_title_bg_image_repeat":"","ocean_post_title_bg_image_size":"","ocean_post_title_height":0,"ocean_post_title_bg_overlay":0.5,"ocean_post_title_bg_overlay_color":"","ocean_disable_breadcrumbs":"default","ocean_breadcrumbs_color":"","ocean_breadcrumbs_separator_color":"","ocean_breadcrumbs_links_color":"","ocean_breadcrumbs_links_hover_color":"","ocean_display_footer_widgets":"default","ocean_display_footer_bottom":"default","ocean_custom_footer_template":"0","ocean_post_oembed":"","ocean_post_self_hosted_media":"","ocean_post_video_embed":"","ocean_link_format":"","ocean_link_format_target":"self","ocean_quote_format":"","ocean_quote_format_link":"post","ocean_gallery_link_images":"off","ocean_gallery_id":[],"footnotes":""},"categories":[1],"tags":[821,820,819,818,823,822,817],"class_list":["post-652","post","type-post","status-publish","format-standard","has-post-thumbnail","hentry","category-immobilien-allgemein","tag-ernst-und-neuberger-consult","tag-krimi-hotel","tag-nationalpark-eifel","tag-ns-ordensburg","tag-schleiden","tag-van-dooren","tag-vogelsang","entry","has-media"],"aioseo_notices":[],"_links":{"self":[{"href":"https:\/\/www.kirchner-immobilienbewertung.de\/blog\/wp-json\/wp\/v2\/posts\/652","targetHints":{"allow":["GET"]}}],"collection":[{"href":"https:\/\/www.kirchner-immobilienbewertung.de\/blog\/wp-json\/wp\/v2\/posts"}],"about":[{"href":"https:\/\/www.kirchner-immobilienbewertung.de\/blog\/wp-json\/wp\/v2\/types\/post"}],"author":[{"embeddable":true,"href":"https:\/\/www.kirchner-immobilienbewertung.de\/blog\/wp-json\/wp\/v2\/users\/2"}],"replies":[{"embeddable":true,"href":"https:\/\/www.kirchner-immobilienbewertung.de\/blog\/wp-json\/wp\/v2\/comments?post=652"}],"version-history":[{"count":4,"href":"https:\/\/www.kirchner-immobilienbewertung.de\/blog\/wp-json\/wp\/v2\/posts\/652\/revisions"}],"predecessor-version":[{"id":2677,"href":"https:\/\/www.kirchner-immobilienbewertung.de\/blog\/wp-json\/wp\/v2\/posts\/652\/revisions\/2677"}],"wp:featuredmedia":[{"embeddable":true,"href":"https:\/\/www.kirchner-immobilienbewertung.de\/blog\/wp-json\/wp\/v2\/media\/2676"}],"wp:attachment":[{"href":"https:\/\/www.kirchner-immobilienbewertung.de\/blog\/wp-json\/wp\/v2\/media?parent=652"}],"wp:term":[{"taxonomy":"category","embeddable":true,"href":"https:\/\/www.kirchner-immobilienbewertung.de\/blog\/wp-json\/wp\/v2\/categories?post=652"},{"taxonomy":"post_tag","embeddable":true,"href":"https:\/\/www.kirchner-immobilienbewertung.de\/blog\/wp-json\/wp\/v2\/tags?post=652"}],"curies":[{"name":"wp","href":"https:\/\/api.w.org\/{rel}","templated":true}]}}