{"id":829,"date":"2011-04-18T07:23:45","date_gmt":"2011-04-18T07:23:45","guid":{"rendered":"http:\/\/www.kirchner-immobilienbewertung.de\/blog\/?p=829"},"modified":"2020-11-19T10:29:49","modified_gmt":"2020-11-19T10:29:49","slug":"nicht-nur-wien-setzt-auf-interkulturelles-wohnen","status":"publish","type":"post","link":"https:\/\/www.kirchner-immobilienbewertung.de\/blog\/nicht-nur-wien-setzt-auf-interkulturelles-wohnen","title":{"rendered":"(Nicht nur) Wien setzt auf interkulturelles Wohnen"},"content":{"rendered":"<p style=\"text-align: justify\">Nicht immer verl\u00e4uft das Zusammenleben zwischen der inl\u00e4ndischen und der aus dem Ausland stammenden Bev\u00f6lkerung einer Stadt v\u00f6llig problemlos. Manchmal existiert es auch kaum. Dann gibt es Gebiete innerhalb der Stadt mit \u00fcberwiegend inl\u00e4ndischer und solche mit \u00fcberwiegend aus dem Ausland stammender Bev\u00f6lkerung. Das ist so oftmals nicht politisch gewollt. In Wien sollen deshalb auf dem Entwicklungsgebiet am Nordbahnhof sechs Projekte eines Wettbewerbs rund um \u201einterkulturelles Wohnen\u201c verwirklicht werden. Einmalig sind solche Projekte nicht: Eins existiert beispielsweise auch in Hamburg.<\/p>\n<h3 style=\"text-align: justify\">Ein neuer Stadtteil f\u00fcr Wien<\/h3>\n<p style=\"text-align: justify\">Das Areal am Nordbahnhof in Wien ist etwa 750.000 m\u00b2 gro\u00df. Es wird als neuer Stadtteil mit 10.000 Wohnungen f\u00fcr etwa 20.000 Bewohner geplant und liegt in der Innenstadt der \u00f6sterreichischen Hauptstadt. Ein erstes Bautr\u00e4gerauswahlverfahren stand unter dem Motto \u201eJunges und kosteng\u00fcnstiges Wohnen\u201c. F\u00fcr rund 95,3 Millionen Euro entstehen seither etwa 870 Wohnungen, von denen der gr\u00f6\u00dfte Teil in diesem Jahr bezugsfertig sein soll. \u201eInterkulturelles Wohnen\u201c war das Motto des zweiten Wettbewerbs. Die sechs Siegerprojekte wurden bereits im ersten Halbjahr 2010 gek\u00fcrt. Bis zum 31. M\u00e4rz 2011 konnte sich die \u00d6ffentlichkeit im Prechtlsaal der TU Wien selbst ein Bild von den sechs Projekten wie von den \u00fcbrigen f\u00fcnfzehn zum Wettbewerb eingereichten Entw\u00fcrfen machen. Im Herbst 2011 soll der Bau der Siegerprojekte beginnen.<\/p>\n<h3 style=\"text-align: justify\">Was zeichnet interkulturelles Wohnen in Wien aus?<\/h3>\n<p style=\"text-align: justify\">\u201eDie Siegerprojekte zeichnen sich nicht nur durch eine au\u00dferordentlich durchdachte Konzeption der Gemeinschafts- und Freir\u00e4ume, sondern auch durch umfassende Ma\u00dfnahmen zur Betreuung und St\u00e4rkung der jungen Hausgemeinschaften aus\u201c, hei\u00dft es in der Pressemeldung der Stadt Wien vom 27. Mai 2010. Im Rahmen der Projekte werden beispielsweise interkulturelle HausbetreuerInnen eingesetzt. Daneben werden unter anderem multifunktionelle R\u00e4ume f\u00fcr Ateliers, ein Weltcaf\u00e9, eine betreute Wohngemeinschaft f\u00fcr acht Jugendliche mit Migrationshintergrund und eine Familienberatungsstelle aufgebaut. So soll eine neue Qualit\u00e4t des Zusammenlebens zwischen Menschen aus unterschiedlichen Kulturkreisen realisiert werden. Und bestenfalls tragen solche Projekte tats\u00e4chlich dazu bei, derartige Ziele zu erreichen.<\/p>\n<h3 style=\"text-align: justify\">Ein interkulturelles Wohnprojekt in Hamburg<\/h3>\n<p style=\"text-align: justify\">Man muss nicht zwangsl\u00e4ufig nach \u00d6sterreich schauen, um interkulturelle Wohnprojekte zu finden. Im Reiherstiegviertel (Veringstra\u00dfe) des Hamburger Stadtteils Wilhelmsburg entsteht derzeit ein interkulturelles Wohnhaus f\u00fcr Senioren beiderlei Geschlechts aus unterschiedlichen Kulturen. Entstehen sollen auf zwei Ebenen Wohnungen f\u00fcr t\u00fcrkische und deutsche Senioren sowie eine \u201eWohngemeinschaft f\u00fcr demenziell erkrankte, t\u00fcrkische Senioren\u201c mit einer Rund-um-die-Uhr-Betreuung. Zum Wohnhaus geh\u00f6ren auch ein t\u00fcrkisches Bad, eine Tagesst\u00e4tte und eine Caf\u00e9, die jeweils eigene Formen von Begegnung erm\u00f6glichen. Projekte wie diese sind ein Beleg daf\u00fcr, dass die Bedeutung von Immobilien und der Art und Weise, wie sie konzipiert werden, oftmals weit \u00fcber Fragen rund um Immobilienwirtschaft und Architektur hinausreicht: Immobilien k\u00f6nnen vielleicht auch ein St\u00fcck dazu beitragen, gesellschaftliche Realit\u00e4ten neu zu definieren.<\/p>\n","protected":false},"excerpt":{"rendered":"<p>Nicht immer verl\u00e4uft das Zusammenleben zwischen der inl\u00e4ndischen und der aus dem Ausland stammenden Bev\u00f6lkerung einer Stadt v\u00f6llig problemlos. Manchmal existiert es auch kaum. Dann gibt es Gebiete innerhalb der Stadt mit \u00fcberwiegend inl\u00e4ndischer und solche mit \u00fcberwiegend aus dem Ausland stammender Bev\u00f6lkerung. Das ist so oftmals nicht politisch gewollt. In Wien sollen deshalb auf [&hellip;]<\/p>\n","protected":false},"author":2,"featured_media":2610,"comment_status":"open","ping_status":"open","sticky":false,"template":"","format":"standard","meta":{"ocean_post_layout":"","ocean_both_sidebars_style":"","ocean_both_sidebars_content_width":0,"ocean_both_sidebars_sidebars_width":0,"ocean_sidebar":"0","ocean_second_sidebar":"0","ocean_disable_margins":"enable","ocean_add_body_class":"","ocean_shortcode_before_top_bar":"","ocean_shortcode_after_top_bar":"","ocean_shortcode_before_header":"","ocean_shortcode_after_header":"","ocean_has_shortcode":"","ocean_shortcode_after_title":"","ocean_shortcode_before_footer_widgets":"","ocean_shortcode_after_footer_widgets":"","ocean_shortcode_before_footer_bottom":"","ocean_shortcode_after_footer_bottom":"","ocean_display_top_bar":"default","ocean_display_header":"default","ocean_header_style":"","ocean_center_header_left_menu":"0","ocean_custom_header_template":"0","ocean_custom_logo":0,"ocean_custom_retina_logo":0,"ocean_custom_logo_max_width":0,"ocean_custom_logo_tablet_max_width":0,"ocean_custom_logo_mobile_max_width":0,"ocean_custom_logo_max_height":0,"ocean_custom_logo_tablet_max_height":0,"ocean_custom_logo_mobile_max_height":0,"ocean_header_custom_menu":"0","ocean_menu_typo_font_family":"0","ocean_menu_typo_font_subset":"","ocean_menu_typo_font_size":0,"ocean_menu_typo_font_size_tablet":0,"ocean_menu_typo_font_size_mobile":0,"ocean_menu_typo_font_size_unit":"px","ocean_menu_typo_font_weight":"","ocean_menu_typo_font_weight_tablet":"","ocean_menu_typo_font_weight_mobile":"","ocean_menu_typo_transform":"","ocean_menu_typo_transform_tablet":"","ocean_menu_typo_transform_mobile":"","ocean_menu_typo_line_height":0,"ocean_menu_typo_line_height_tablet":0,"ocean_menu_typo_line_height_mobile":0,"ocean_menu_typo_line_height_unit":"","ocean_menu_typo_spacing":0,"ocean_menu_typo_spacing_tablet":0,"ocean_menu_typo_spacing_mobile":0,"ocean_menu_typo_spacing_unit":"","ocean_menu_link_color":"","ocean_menu_link_color_hover":"","ocean_menu_link_color_active":"","ocean_menu_link_background":"","ocean_menu_link_hover_background":"","ocean_menu_link_active_background":"","ocean_menu_social_links_bg":"","ocean_menu_social_hover_links_bg":"","ocean_menu_social_links_color":"","ocean_menu_social_hover_links_color":"","ocean_disable_title":"default","ocean_disable_heading":"default","ocean_post_title":"","ocean_post_subheading":"","ocean_post_title_style":"","ocean_post_title_background_color":"","ocean_post_title_background":0,"ocean_post_title_bg_image_position":"","ocean_post_title_bg_image_attachment":"","ocean_post_title_bg_image_repeat":"","ocean_post_title_bg_image_size":"","ocean_post_title_height":0,"ocean_post_title_bg_overlay":0.5,"ocean_post_title_bg_overlay_color":"","ocean_disable_breadcrumbs":"default","ocean_breadcrumbs_color":"","ocean_breadcrumbs_separator_color":"","ocean_breadcrumbs_links_color":"","ocean_breadcrumbs_links_hover_color":"","ocean_display_footer_widgets":"default","ocean_display_footer_bottom":"default","ocean_custom_footer_template":"0","ocean_post_oembed":"","ocean_post_self_hosted_media":"","ocean_post_video_embed":"","ocean_link_format":"","ocean_link_format_target":"self","ocean_quote_format":"","ocean_quote_format_link":"post","ocean_gallery_link_images":"off","ocean_gallery_id":[],"footnotes":""},"categories":[1,14],"tags":[45,1005,1001,1000,1002,776,1003,1004],"class_list":["post-829","post","type-post","status-publish","format-standard","has-post-thumbnail","hentry","category-immobilien-allgemein","category-wohnimmobilien","tag-hamburg","tag-innovatives-wohnen","tag-interkulturelles-wohnen","tag-nordbahnhof","tag-reiherstiegviertel","tag-wien","tag-wilhelmsburg","tag-wohnprojekte","entry","has-media"],"aioseo_notices":[],"_links":{"self":[{"href":"https:\/\/www.kirchner-immobilienbewertung.de\/blog\/wp-json\/wp\/v2\/posts\/829","targetHints":{"allow":["GET"]}}],"collection":[{"href":"https:\/\/www.kirchner-immobilienbewertung.de\/blog\/wp-json\/wp\/v2\/posts"}],"about":[{"href":"https:\/\/www.kirchner-immobilienbewertung.de\/blog\/wp-json\/wp\/v2\/types\/post"}],"author":[{"embeddable":true,"href":"https:\/\/www.kirchner-immobilienbewertung.de\/blog\/wp-json\/wp\/v2\/users\/2"}],"replies":[{"embeddable":true,"href":"https:\/\/www.kirchner-immobilienbewertung.de\/blog\/wp-json\/wp\/v2\/comments?post=829"}],"version-history":[{"count":1,"href":"https:\/\/www.kirchner-immobilienbewertung.de\/blog\/wp-json\/wp\/v2\/posts\/829\/revisions"}],"predecessor-version":[{"id":830,"href":"https:\/\/www.kirchner-immobilienbewertung.de\/blog\/wp-json\/wp\/v2\/posts\/829\/revisions\/830"}],"wp:featuredmedia":[{"embeddable":true,"href":"https:\/\/www.kirchner-immobilienbewertung.de\/blog\/wp-json\/wp\/v2\/media\/2610"}],"wp:attachment":[{"href":"https:\/\/www.kirchner-immobilienbewertung.de\/blog\/wp-json\/wp\/v2\/media?parent=829"}],"wp:term":[{"taxonomy":"category","embeddable":true,"href":"https:\/\/www.kirchner-immobilienbewertung.de\/blog\/wp-json\/wp\/v2\/categories?post=829"},{"taxonomy":"post_tag","embeddable":true,"href":"https:\/\/www.kirchner-immobilienbewertung.de\/blog\/wp-json\/wp\/v2\/tags?post=829"}],"curies":[{"name":"wp","href":"https:\/\/api.w.org\/{rel}","templated":true}]}}