{"id":836,"date":"2011-04-24T11:59:14","date_gmt":"2011-04-24T11:59:14","guid":{"rendered":"http:\/\/www.kirchner-immobilienbewertung.de\/blog\/?p=836"},"modified":"2020-11-19T10:27:01","modified_gmt":"2020-11-19T10:27:01","slug":"ein-ecoquartier-fur-pfaffenhofen","status":"publish","type":"post","link":"https:\/\/www.kirchner-immobilienbewertung.de\/blog\/ein-ecoquartier-fur-pfaffenhofen","title":{"rendered":"Ein Ecoquartier f\u00fcr Pfaffenhofen"},"content":{"rendered":"<p style=\"text-align: justify\">Laut Selbstdarstellung des Projekts \u201eEcoquartier Pfaffenhofen\u201c im Internet entsteht in der bayerischen Stadt Pfaffenhofen an der Ilm bald das \u201egr\u00f6\u00dfte zusammenh\u00e4ngende Komplettangebot f\u00fcr&nbsp;nachhaltiges Leben und Arbeiten in Deutschland\u201c. Hauptinitiator des hierzulande bisher wohl einzigartigen Projekts ist der Besitzer eines Hofes f\u00fcr \u00f6kologischen Landbau, um den herum das Quartier gebaut wird, das f\u00fcr Deutschland beispielhaft werden k\u00f6nnte. Der Baubeginn ist f\u00fcr das dritte Quartal 2011 geplant.<\/p>\n<h3 style=\"text-align: justify\">Von der Planung zum Baubeginn<\/h3>\n<p style=\"text-align: justify\">Das Ecoquartier wird weder ein nachhaltiges Wohnquartier noch ein nachhaltiges Gewerbegebiet. Vielmehr wird es beides sein, ein kompletter Stadtteil, der nachhaltigen Raum f\u00fcrs Wohnen und Arbeiten gibt. Etwa 54.000 m\u00b2 sind als Fl\u00e4che f\u00fcr Wohnraum vorgesehen. Weitere 32.000 m\u00b2 werden als Gewerbefl\u00e4che dienen, in die voraussichtlich ausschlie\u00dflich \u00f6kologisch orientierte Unternehmen ziehen. Insgesamt stehen f\u00fcr das Projekt 25 Hektar Raum zur Verf\u00fcgung, der allerdings nicht komplett f\u00fcr die Bebauung genutzt wird. Vielmehr sollen ausreichend Gr\u00fcn-, Wasser- und andere Naturfl\u00e4chen verbleiben. Die Wurzeln des Projektes \u201eEcoquartier Pfaffenhofen\u201c reichen bis ins Jahr 2003 zur\u00fcck. 2007 wurden den Pfaffenhofener Stadtr\u00e4ten die ersten Pl\u00e4ne pr\u00e4sentiert. Dann verging nochmals einige Zeit, doch jetzt ist es soweit: Die Realisierung beginnt!<\/p>\n<h3 style=\"text-align: justify\">Was Nachhaltigkeit im Ecoquartier bedeutet<\/h3>\n<p style=\"text-align: justify\">Das Wort \u201eNachhaltigkeit\u201c wird im neuen Stadtquartier auf vielfache Weise mit Leben gef\u00fcllt: Geplant sind unter anderem eine einhundertprozentig \u201e\u00f6kologische und wohngiftfreie Bauweise\u201c, die Nutzung nachwachsender Rohstoffe und die \u201eF\u00f6rderung regionaler Kreisl\u00e4ufe und Wertsch\u00f6pfungsketten\u201c. Das Ecoquartier Pfaffenhofen setzt zu einhundert Prozent auf eine regenerative W\u00e4rmeversorgung. In den \u00f6ffentlichen R\u00e4umen des Viertels wird es unter anderem solare Stra\u00dfenbeleuchtung und \u201eGehwege aus \u00f6kologischen Materialien\u201c geben. Der Bau der Wohnungen folgt komplett den Richtlinien, die das G\u00fctesiegel &nbsp;\u201enachhaltiges Bauen\u201c vorgibt. Dieses G\u00fctesiegel definiert nicht alleine \u00f6kologische, sondern auch soziokulturelle und funktionale Kriterien, mit denen etwa ein f\u00fcr alle Bewohner befriedigendes Zusammenleben innerhalb der Immobilie beg\u00fcnstigt wird. Um die Partizipation der Bewohner am Projekt zu gew\u00e4hrleisten, existieren bereits jetzt eine Reihe von Baugruppenprojekten. Mit Projekten wie gemeinschaftlicher Kinderbetreuung und Car-Sharing werden die k\u00fcnftigen Bewohner wichtige Aspekte des allt\u00e4glichen Lebens gemeinsam angehen. Zudem wird es einen Quartiersbeirat geben, in dem Bewohner des Quartiers neben Wissenschaft und Stadtverwaltung sitzen werden.<\/p>\n<h3 style=\"text-align: justify\">Projekt mit Vorbildcharakter<\/h3>\n<p style=\"text-align: justify\">Integriert ins Projekt ist der Kramerbr\u00e4u Naturlandhof. Er wird zur Direkt- und zur Rohstoffversorgung des Viertels beitragen. Seit 1867 geh\u00f6rt der Hof der Familie Hirschberger und seit 1989 wird hier \u00f6kologischer Landbau betrieben. Der aktuelle Besitzer des Hofes, Theo Hirschberger, ist mit seinem Team zugleich der Initiator des gesamten Ecoquartier-Projekts. Nicht jeder Mensch d\u00fcrfte solch ein \u00fcber viele Jahre andauerndes Engagement beweisen. Projekte wie das Ecoquartier Pfaffenhofen wird es daher vielleicht auch in Zukunft nicht \u00fcberall in Deutschland geben. Aber selbst wenn das Ecoquartier Pfaffenhofen ein Einzelfall in Deutschland bleibt, ist es ein Projekt mit Vorbildcharakter. Das eine oder andere mag man sich abschauen, um es anderswo zu realisieren.<\/p>\n","protected":false},"excerpt":{"rendered":"<p>Laut Selbstdarstellung des Projekts \u201eEcoquartier Pfaffenhofen\u201c im Internet entsteht in der bayerischen Stadt Pfaffenhofen an der Ilm bald das \u201egr\u00f6\u00dfte zusammenh\u00e4ngende Komplettangebot f\u00fcr&nbsp;nachhaltiges Leben und Arbeiten in Deutschland\u201c. Hauptinitiator des hierzulande bisher wohl einzigartigen Projekts ist der Besitzer eines Hofes f\u00fcr \u00f6kologischen Landbau, um den herum das Quartier gebaut wird, das f\u00fcr Deutschland beispielhaft werden [&hellip;]<\/p>\n","protected":false},"author":2,"featured_media":2606,"comment_status":"open","ping_status":"open","sticky":false,"template":"","format":"standard","meta":{"ocean_post_layout":"","ocean_both_sidebars_style":"","ocean_both_sidebars_content_width":0,"ocean_both_sidebars_sidebars_width":0,"ocean_sidebar":"0","ocean_second_sidebar":"0","ocean_disable_margins":"enable","ocean_add_body_class":"","ocean_shortcode_before_top_bar":"","ocean_shortcode_after_top_bar":"","ocean_shortcode_before_header":"","ocean_shortcode_after_header":"","ocean_has_shortcode":"","ocean_shortcode_after_title":"","ocean_shortcode_before_footer_widgets":"","ocean_shortcode_after_footer_widgets":"","ocean_shortcode_before_footer_bottom":"","ocean_shortcode_after_footer_bottom":"","ocean_display_top_bar":"default","ocean_display_header":"default","ocean_header_style":"","ocean_center_header_left_menu":"0","ocean_custom_header_template":"0","ocean_custom_logo":0,"ocean_custom_retina_logo":0,"ocean_custom_logo_max_width":0,"ocean_custom_logo_tablet_max_width":0,"ocean_custom_logo_mobile_max_width":0,"ocean_custom_logo_max_height":0,"ocean_custom_logo_tablet_max_height":0,"ocean_custom_logo_mobile_max_height":0,"ocean_header_custom_menu":"0","ocean_menu_typo_font_family":"0","ocean_menu_typo_font_subset":"","ocean_menu_typo_font_size":0,"ocean_menu_typo_font_size_tablet":0,"ocean_menu_typo_font_size_mobile":0,"ocean_menu_typo_font_size_unit":"px","ocean_menu_typo_font_weight":"","ocean_menu_typo_font_weight_tablet":"","ocean_menu_typo_font_weight_mobile":"","ocean_menu_typo_transform":"","ocean_menu_typo_transform_tablet":"","ocean_menu_typo_transform_mobile":"","ocean_menu_typo_line_height":0,"ocean_menu_typo_line_height_tablet":0,"ocean_menu_typo_line_height_mobile":0,"ocean_menu_typo_line_height_unit":"","ocean_menu_typo_spacing":0,"ocean_menu_typo_spacing_tablet":0,"ocean_menu_typo_spacing_mobile":0,"ocean_menu_typo_spacing_unit":"","ocean_menu_link_color":"","ocean_menu_link_color_hover":"","ocean_menu_link_color_active":"","ocean_menu_link_background":"","ocean_menu_link_hover_background":"","ocean_menu_link_active_background":"","ocean_menu_social_links_bg":"","ocean_menu_social_hover_links_bg":"","ocean_menu_social_links_color":"","ocean_menu_social_hover_links_color":"","ocean_disable_title":"default","ocean_disable_heading":"default","ocean_post_title":"","ocean_post_subheading":"","ocean_post_title_style":"","ocean_post_title_background_color":"","ocean_post_title_background":0,"ocean_post_title_bg_image_position":"","ocean_post_title_bg_image_attachment":"","ocean_post_title_bg_image_repeat":"","ocean_post_title_bg_image_size":"","ocean_post_title_height":0,"ocean_post_title_bg_overlay":0.5,"ocean_post_title_bg_overlay_color":"","ocean_disable_breadcrumbs":"default","ocean_breadcrumbs_color":"","ocean_breadcrumbs_separator_color":"","ocean_breadcrumbs_links_color":"","ocean_breadcrumbs_links_hover_color":"","ocean_display_footer_widgets":"default","ocean_display_footer_bottom":"default","ocean_custom_footer_template":"0","ocean_post_oembed":"","ocean_post_self_hosted_media":"","ocean_post_video_embed":"","ocean_link_format":"","ocean_link_format_target":"self","ocean_quote_format":"","ocean_quote_format_link":"post","ocean_gallery_link_images":"off","ocean_gallery_id":[],"footnotes":""},"categories":[13,1,14],"tags":[1010,1013,1012,83,1011],"class_list":["post-836","post","type-post","status-publish","format-standard","has-post-thumbnail","hentry","category-gewerbeimmobilien","category-immobilien-allgemein","category-wohnimmobilien","tag-ecoquartier-pfaffenhofen","tag-gutesiegel-nachhaltiges-bauen","tag-kramerbrau-naturlandhof","tag-nachhaltigkeit","tag-stadtquartier","entry","has-media"],"aioseo_notices":[],"_links":{"self":[{"href":"https:\/\/www.kirchner-immobilienbewertung.de\/blog\/wp-json\/wp\/v2\/posts\/836","targetHints":{"allow":["GET"]}}],"collection":[{"href":"https:\/\/www.kirchner-immobilienbewertung.de\/blog\/wp-json\/wp\/v2\/posts"}],"about":[{"href":"https:\/\/www.kirchner-immobilienbewertung.de\/blog\/wp-json\/wp\/v2\/types\/post"}],"author":[{"embeddable":true,"href":"https:\/\/www.kirchner-immobilienbewertung.de\/blog\/wp-json\/wp\/v2\/users\/2"}],"replies":[{"embeddable":true,"href":"https:\/\/www.kirchner-immobilienbewertung.de\/blog\/wp-json\/wp\/v2\/comments?post=836"}],"version-history":[{"count":2,"href":"https:\/\/www.kirchner-immobilienbewertung.de\/blog\/wp-json\/wp\/v2\/posts\/836\/revisions"}],"predecessor-version":[{"id":2607,"href":"https:\/\/www.kirchner-immobilienbewertung.de\/blog\/wp-json\/wp\/v2\/posts\/836\/revisions\/2607"}],"wp:featuredmedia":[{"embeddable":true,"href":"https:\/\/www.kirchner-immobilienbewertung.de\/blog\/wp-json\/wp\/v2\/media\/2606"}],"wp:attachment":[{"href":"https:\/\/www.kirchner-immobilienbewertung.de\/blog\/wp-json\/wp\/v2\/media?parent=836"}],"wp:term":[{"taxonomy":"category","embeddable":true,"href":"https:\/\/www.kirchner-immobilienbewertung.de\/blog\/wp-json\/wp\/v2\/categories?post=836"},{"taxonomy":"post_tag","embeddable":true,"href":"https:\/\/www.kirchner-immobilienbewertung.de\/blog\/wp-json\/wp\/v2\/tags?post=836"}],"curies":[{"name":"wp","href":"https:\/\/api.w.org\/{rel}","templated":true}]}}