{"id":890,"date":"2011-05-27T21:06:50","date_gmt":"2011-05-27T21:06:50","guid":{"rendered":"http:\/\/www.kirchner-immobilienbewertung.de\/blog\/?p=890"},"modified":"2020-11-19T09:55:11","modified_gmt":"2020-11-19T09:55:11","slug":"freiburg-weingarten-west-aus-alt-wird-neu","status":"publish","type":"post","link":"https:\/\/www.kirchner-immobilienbewertung.de\/blog\/freiburg-weingarten-west-aus-alt-wird-neu","title":{"rendered":"Freiburg Weingarten West \u2013 aus alt wird neu!"},"content":{"rendered":"<p style=\"text-align: justify\">Das am 21. April 2011 offiziell eingeweihte erste Passivhochhaus Deutschlands in Freiburg-Weingarten ist erst der Anfang. Das gesamte Quartier Weingarten-West soll energetisch saniert werden. Bei diesem Projekt kooperieren das Unternehmen badenova W\u00c4RMEPLUS, das Fraunhofer-Institut und die <a href=\"http:\/\/www.freiburger-stadtbau.de\/\">Freiburger Stadtbau GmbH<\/a>. Sie m\u00f6chten den Bedarf des Quartiers an Prim\u00e4renergie um insgesamt f\u00fcnfzig Prozent im Vergleich zum Projektbeginn senken. Die Voraussetzungen sind dabei nicht unbedingt ideal. Ein Gro\u00dfteil der Bausubstanz stammt aus den Jahren 1958 bis 1968 und Energieeffizienz war damals noch kein gro\u00dfes Thema.<\/p>\n<h3 style=\"text-align: justify\">15 Kilowattstunden pro m\u00b2 sind erreicht<\/h3>\n<p style=\"text-align: justify\">Das erste Passivhochhaus Deutschlands in Weingartens Buggingerstra\u00dfe ist einerseits ein Symbol daf\u00fcr, dass sich tats\u00e4chlich etwas in Freiburg-Weingarten bewegt. Zugleich zeigt es, was sich mit dem richtigen Konzept aus Bestandsbauten machen l\u00e4sst. Und es ist ein Lehrprojekt: Die bei der Sanierung gesammelten Erfahrungen werden in \u00e4hnliche Projekte einflie\u00dfen, mit denen die alte Bausubstanz den Anforderungen der Moderne angepasst wird. Das 16-geschossige Hochhaus erhielt eine moderne D\u00e4mmung f\u00fcr die Au\u00dfenfassade und das Dach, eine Photovoltaikanlage, dreifach verglaste Fenster und eine L\u00fcftungsanlage mit integrierter W\u00e4rmer\u00fcckgewinnung. Aus einem Energieverbrauch von 68 Kilowattstunden pro m\u00b2 sind dadurch 15 Kilowattstunden pro m\u00b2 geworden.<\/p>\n<h3 style=\"text-align: justify\">Wirklich gerechnet hat sich die Sanierung nicht<\/h3>\n<p style=\"text-align: justify\">Aber das Haus wurde nicht alleine energetisch ver\u00e4ndert. Um das soziale Leben im Haus zu f\u00f6rdern, entstanden mehrere Gemeinschaftsr\u00e4ume im Erdgeschoss. Zugleich wurden aus neunzig gr\u00f6\u00dferen Wohnungen im Hochhaus 135 kleinere. Das entspricht einerseits Anforderungen des modernen Immobilienmarktes, in dem sich die Nachfrage nach kleineren Wohnungen verst\u00e4rkt hat. Andererseits k\u00f6nnen die Sanierungskosten so auf mehr Parteien umgelegt werden. 2009 berichtete die Badische Zeitung, dass die Kosten des Projekts von knapp zw\u00f6lf Millionen Euro auf 13,6 Millionen oder mehr Euro steigen. Damals hie\u00df es, die zuvor erwartete Mieterh\u00f6hung von 1,65 Euro pro m\u00b2 werde abermals um 0,20 Euro pro m\u00b2 steigen. Das f\u00fcr die Entw\u00fcrfe verantwortliche Architekturb\u00fcro Rombach schreibt heute auf seiner Website, dass die \u201eGesamtmietkosten &#8211; unterst\u00fctzt durch die geringeren Energiekosten &#8211; unter dem Niveau vor der Sanierung\u201c liegen. Dennoch: Ralf Klausmann, Gesch\u00e4ftsf\u00fchrer der Freiburger Stadtbau, beurteilt den Aufwand des Umbaus der Wohnungen heute als erheblich. \u201eWirklich gerechnet hat sich die Sanierung nicht&#8220;, sagt er auch.<\/p>\n<h3 style=\"text-align: justify\">Man wird viele Dinge lernen k\u00f6nnen<\/h3>\n<p style=\"text-align: justify\">Das n\u00e4chste Hochhausprojekt in <a href=\"https:\/\/www.kirchner-immobilienbewertung.de\/immobiliengutachter-freiburg-im-breisgau\">Freiburg<\/a>-Weingarten ist bereits in Planung. Durch dieses Projekt soll das Hochhaus Binzengr\u00fcn 9 in ein energieeffizientes Mehrgenerationenhaus verwandelt werden. Auf eine Verkleinerung der Wohnungen wird dabei verzichtet. Bis 2020 wird es wohl noch eine ganze Reihe an Projekten in Freiburg-Weingarten geben. Zu Beginn der Umgestaltung des Quartiers gab es 2.015 Wohneinheiten, von denen etwa 1.400 als stark sanierungsbed\u00fcrftig eingestuft wurden. Am Ende des Projekts wird es voraussichtlich 2.138 Wohnungen geben. Es gibt also viel zu tun. Aber wenn in jedes Projekt die Erfahrungen jedes vorangegangenen Projekts einflie\u00dfen, k\u00f6nnten nicht nur die Projektverantwortlichen in Freiburg, sondern auch Architekten und Projektplaner in ganz Deutschland lernen. Das d\u00fcrfte viel wert sein.<\/p>\n","protected":false},"excerpt":{"rendered":"<p>Das am 21. April 2011 offiziell eingeweihte erste Passivhochhaus Deutschlands in Freiburg-Weingarten ist erst der Anfang. Das gesamte Quartier Weingarten-West soll energetisch saniert werden. Bei diesem Projekt kooperieren das Unternehmen badenova W\u00c4RMEPLUS, das Fraunhofer-Institut und die Freiburger Stadtbau GmbH. Sie m\u00f6chten den Bedarf des Quartiers an Prim\u00e4renergie um insgesamt f\u00fcnfzig Prozent im Vergleich zum Projektbeginn [&hellip;]<\/p>\n","protected":false},"author":2,"featured_media":2580,"comment_status":"open","ping_status":"open","sticky":false,"template":"","format":"standard","meta":{"ocean_post_layout":"","ocean_both_sidebars_style":"","ocean_both_sidebars_content_width":0,"ocean_both_sidebars_sidebars_width":0,"ocean_sidebar":"0","ocean_second_sidebar":"0","ocean_disable_margins":"enable","ocean_add_body_class":"","ocean_shortcode_before_top_bar":"","ocean_shortcode_after_top_bar":"","ocean_shortcode_before_header":"","ocean_shortcode_after_header":"","ocean_has_shortcode":"","ocean_shortcode_after_title":"","ocean_shortcode_before_footer_widgets":"","ocean_shortcode_after_footer_widgets":"","ocean_shortcode_before_footer_bottom":"","ocean_shortcode_after_footer_bottom":"","ocean_display_top_bar":"default","ocean_display_header":"default","ocean_header_style":"","ocean_center_header_left_menu":"0","ocean_custom_header_template":"0","ocean_custom_logo":0,"ocean_custom_retina_logo":0,"ocean_custom_logo_max_width":0,"ocean_custom_logo_tablet_max_width":0,"ocean_custom_logo_mobile_max_width":0,"ocean_custom_logo_max_height":0,"ocean_custom_logo_tablet_max_height":0,"ocean_custom_logo_mobile_max_height":0,"ocean_header_custom_menu":"0","ocean_menu_typo_font_family":"0","ocean_menu_typo_font_subset":"","ocean_menu_typo_font_size":0,"ocean_menu_typo_font_size_tablet":0,"ocean_menu_typo_font_size_mobile":0,"ocean_menu_typo_font_size_unit":"px","ocean_menu_typo_font_weight":"","ocean_menu_typo_font_weight_tablet":"","ocean_menu_typo_font_weight_mobile":"","ocean_menu_typo_transform":"","ocean_menu_typo_transform_tablet":"","ocean_menu_typo_transform_mobile":"","ocean_menu_typo_line_height":0,"ocean_menu_typo_line_height_tablet":0,"ocean_menu_typo_line_height_mobile":0,"ocean_menu_typo_line_height_unit":"","ocean_menu_typo_spacing":0,"ocean_menu_typo_spacing_tablet":0,"ocean_menu_typo_spacing_mobile":0,"ocean_menu_typo_spacing_unit":"","ocean_menu_link_color":"","ocean_menu_link_color_hover":"","ocean_menu_link_color_active":"","ocean_menu_link_background":"","ocean_menu_link_hover_background":"","ocean_menu_link_active_background":"","ocean_menu_social_links_bg":"","ocean_menu_social_hover_links_bg":"","ocean_menu_social_links_color":"","ocean_menu_social_hover_links_color":"","ocean_disable_title":"default","ocean_disable_heading":"default","ocean_post_title":"","ocean_post_subheading":"","ocean_post_title_style":"","ocean_post_title_background_color":"","ocean_post_title_background":0,"ocean_post_title_bg_image_position":"","ocean_post_title_bg_image_attachment":"","ocean_post_title_bg_image_repeat":"","ocean_post_title_bg_image_size":"","ocean_post_title_height":0,"ocean_post_title_bg_overlay":0.5,"ocean_post_title_bg_overlay_color":"","ocean_disable_breadcrumbs":"default","ocean_breadcrumbs_color":"","ocean_breadcrumbs_separator_color":"","ocean_breadcrumbs_links_color":"","ocean_breadcrumbs_links_hover_color":"","ocean_display_footer_widgets":"default","ocean_display_footer_bottom":"default","ocean_custom_footer_template":"0","ocean_post_oembed":"","ocean_post_self_hosted_media":"","ocean_post_video_embed":"","ocean_link_format":"","ocean_link_format_target":"self","ocean_quote_format":"","ocean_quote_format_link":"post","ocean_gallery_link_images":"off","ocean_gallery_id":[],"footnotes":""},"categories":[14],"tags":[1076,1074,536,978,496,1075,362,1073,1072],"class_list":["post-890","post","type-post","status-publish","format-standard","has-post-thumbnail","hentry","category-wohnimmobilien","tag-altbausanierung","tag-badenova-warmeplus","tag-energetische-sanierung","tag-fraunhofer-institut","tag-freiburg","tag-freiburger-stadtbau-gmbh","tag-passivhaus","tag-passivhochhaus","tag-weingarten-west","entry","has-media"],"aioseo_notices":[],"_links":{"self":[{"href":"https:\/\/www.kirchner-immobilienbewertung.de\/blog\/wp-json\/wp\/v2\/posts\/890","targetHints":{"allow":["GET"]}}],"collection":[{"href":"https:\/\/www.kirchner-immobilienbewertung.de\/blog\/wp-json\/wp\/v2\/posts"}],"about":[{"href":"https:\/\/www.kirchner-immobilienbewertung.de\/blog\/wp-json\/wp\/v2\/types\/post"}],"author":[{"embeddable":true,"href":"https:\/\/www.kirchner-immobilienbewertung.de\/blog\/wp-json\/wp\/v2\/users\/2"}],"replies":[{"embeddable":true,"href":"https:\/\/www.kirchner-immobilienbewertung.de\/blog\/wp-json\/wp\/v2\/comments?post=890"}],"version-history":[{"count":3,"href":"https:\/\/www.kirchner-immobilienbewertung.de\/blog\/wp-json\/wp\/v2\/posts\/890\/revisions"}],"predecessor-version":[{"id":2581,"href":"https:\/\/www.kirchner-immobilienbewertung.de\/blog\/wp-json\/wp\/v2\/posts\/890\/revisions\/2581"}],"wp:featuredmedia":[{"embeddable":true,"href":"https:\/\/www.kirchner-immobilienbewertung.de\/blog\/wp-json\/wp\/v2\/media\/2580"}],"wp:attachment":[{"href":"https:\/\/www.kirchner-immobilienbewertung.de\/blog\/wp-json\/wp\/v2\/media?parent=890"}],"wp:term":[{"taxonomy":"category","embeddable":true,"href":"https:\/\/www.kirchner-immobilienbewertung.de\/blog\/wp-json\/wp\/v2\/categories?post=890"},{"taxonomy":"post_tag","embeddable":true,"href":"https:\/\/www.kirchner-immobilienbewertung.de\/blog\/wp-json\/wp\/v2\/tags?post=890"}],"curies":[{"name":"wp","href":"https:\/\/api.w.org\/{rel}","templated":true}]}}