{"id":99,"date":"2010-05-16T12:11:58","date_gmt":"2010-05-16T12:11:58","guid":{"rendered":"http:\/\/www.kirchner-immobilienbewertung.de\/blog\/?p=99"},"modified":"2020-11-19T16:15:32","modified_gmt":"2020-11-19T16:15:32","slug":"rechte-und-pflichten-von-wg-mitgliedern-variieren","status":"publish","type":"post","link":"https:\/\/www.kirchner-immobilienbewertung.de\/blog\/rechte-und-pflichten-von-wg-mitgliedern-variieren","title":{"rendered":"Rechte und Pflichten von WG-Mitgliedern variieren"},"content":{"rendered":"<p>Wohngemeinschaften, umgangssprachlich kurz und pr\u00e4gnant auch einfach nur WGs genannt, z\u00e4hlen bei Studenten aber vermehrt auch bei jungen Arbeitnehmern zur beliebten Art des Wohnens. Auch Senioren-WGs sind mittlerweile ein praktiziertes Modell.<\/p>\n<p>Zum einen lassen sich durch die Wohngemeinschaften Kosten sparen, da die Miete durch mehrere Personen geteilt wird, zum anderen sch\u00e4tzen viele den sozialen Aspekt von Wohngemeinschaften. Es entstehen automatisch neue Kontakte und gerade wer neu in einer Stadt ist, hat gleich Ansprechpartner, wenn es um eine erste Orientierung geht. Doch nat\u00fcrlich bringt eine WG auch Rechte und Pflichten mit sich, die es bei Mietvertragsabschluss zu beachten gibt. Diese sind je nach Art des Mietvertrags unterschiedlich. Treten alle WG-Mitglieder als Mieter auf, wird in der Regel ein Gemeinschaftsmietvertrag ausgestellt, den auch alle unterschreiben m\u00fcssen. Das hei\u00dft, alle WG-Mitglieder sind gleichberechtigte Partner, was Haftung, Rechte und Pflichten dem Vermieter gegen\u00fcber betrifft. Die WGler bilden dann formlos eine Gesellschaft b\u00fcrgerlichen Rechts (GbR) und haften jeder einzelne gesamtschuldnerisch. Das hei\u00dft, z. B. bei s\u00e4umigen Zahlungen, dass der Vermieter auf jeden einzelnen der Mitglieder zukommen kann, der dann schlimmstenfalls f\u00fcr alle Schulden oder Sch\u00e4den an der Wohnung haften muss.&nbsp;<\/p>\n<p>Es ist auf jeden Fall ratsam, bei einem Gemeinschaftsmietvertrag auch ein Gemeinschaftskonto einzurichten, auf das zwar alle Mitglieder ihre Miete und Nebenkosten \u00fcberweisen, von dem dann per Dauerauftrag alle Verpflichtungen abgebucht werden, auf das aber ansonsten nicht zugegriffen werden kann. Auch was das Haftungsrisiko bei Sch\u00e4den an der Wohnung betrifft, sollten alle WG-Mitglieder im Vorfeld eine private Haftpflichtversicherung vorweisen k\u00f6nnen, damit nicht nachher einer allein der Dumme ist.<\/p>\n<p>Anders sieht es aus, wenn nur eines der WG-Mitglieder den Mietvertrag abschlie\u00dft und ansonsten selber mit den anderen WGlern einen Untermietvertrag vereinbart. Zun\u00e4chst muss er hierf\u00fcr auch per Untermietserlaubnis vom Vermieter autorisiert sein, ansonsten macht er sich einer \u201eunerlaubten Gebrauchs\u00fcberlassung an Dritte\u201c f\u00fcr schuldig.&nbsp;<\/p>\n<p>Hat der Mieter die Erlaubnis, besteht dann auch nur zwischen diesem und dem Vermieter eine vertragliche Verpflichtung. Der Vermieter darf im Fall von s\u00e4umigen Zahlungen nicht an die Untermieter heran treten, allerdings haben diese auch keine Handhabe, wenn der Vermieter wegen Mietr\u00fcckstandes eine K\u00fcndigung der Wohnung ausspricht. Aus dem Haftungsrisiko sind die Untermieter daf\u00fcr raus. F\u00fcr Sch\u00e4den haftet allein der offizielle Hauptmieter.&nbsp;<\/p>\n<p>WG-Interessierte sollten sich so oder so im Vorfeld ein paar Gedanken machen, wie sich Probleme dieser Art vermeiden lassen. Mit ein wenig Organisation sind beide Modelle durchaus praktikabel und sollten sowohl zwischen den WG-Bewohnern als auch zwischen WGlern und Vermieter zu einem ausgeglichenen Verh\u00e4ltnis f\u00fchren.<\/p>\n","protected":false},"excerpt":{"rendered":"<p>Wohngemeinschaften, umgangssprachlich kurz und pr\u00e4gnant auch einfach nur WGs genannt, z\u00e4hlen bei Studenten aber vermehrt auch bei jungen Arbeitnehmern zur beliebten Art des Wohnens. Auch Senioren-WGs sind mittlerweile ein praktiziertes Modell. Zum einen lassen sich durch die Wohngemeinschaften Kosten sparen, da die Miete durch mehrere Personen geteilt wird, zum anderen sch\u00e4tzen viele den sozialen Aspekt [&hellip;]<\/p>\n","protected":false},"author":3,"featured_media":2884,"comment_status":"open","ping_status":"open","sticky":false,"template":"","format":"standard","meta":{"ocean_post_layout":"","ocean_both_sidebars_style":"","ocean_both_sidebars_content_width":0,"ocean_both_sidebars_sidebars_width":0,"ocean_sidebar":"0","ocean_second_sidebar":"0","ocean_disable_margins":"enable","ocean_add_body_class":"","ocean_shortcode_before_top_bar":"","ocean_shortcode_after_top_bar":"","ocean_shortcode_before_header":"","ocean_shortcode_after_header":"","ocean_has_shortcode":"","ocean_shortcode_after_title":"","ocean_shortcode_before_footer_widgets":"","ocean_shortcode_after_footer_widgets":"","ocean_shortcode_before_footer_bottom":"","ocean_shortcode_after_footer_bottom":"","ocean_display_top_bar":"default","ocean_display_header":"default","ocean_header_style":"","ocean_center_header_left_menu":"0","ocean_custom_header_template":"0","ocean_custom_logo":0,"ocean_custom_retina_logo":0,"ocean_custom_logo_max_width":0,"ocean_custom_logo_tablet_max_width":0,"ocean_custom_logo_mobile_max_width":0,"ocean_custom_logo_max_height":0,"ocean_custom_logo_tablet_max_height":0,"ocean_custom_logo_mobile_max_height":0,"ocean_header_custom_menu":"0","ocean_menu_typo_font_family":"0","ocean_menu_typo_font_subset":"","ocean_menu_typo_font_size":0,"ocean_menu_typo_font_size_tablet":0,"ocean_menu_typo_font_size_mobile":0,"ocean_menu_typo_font_size_unit":"px","ocean_menu_typo_font_weight":"","ocean_menu_typo_font_weight_tablet":"","ocean_menu_typo_font_weight_mobile":"","ocean_menu_typo_transform":"","ocean_menu_typo_transform_tablet":"","ocean_menu_typo_transform_mobile":"","ocean_menu_typo_line_height":0,"ocean_menu_typo_line_height_tablet":0,"ocean_menu_typo_line_height_mobile":0,"ocean_menu_typo_line_height_unit":"","ocean_menu_typo_spacing":0,"ocean_menu_typo_spacing_tablet":0,"ocean_menu_typo_spacing_mobile":0,"ocean_menu_typo_spacing_unit":"","ocean_menu_link_color":"","ocean_menu_link_color_hover":"","ocean_menu_link_color_active":"","ocean_menu_link_background":"","ocean_menu_link_hover_background":"","ocean_menu_link_active_background":"","ocean_menu_social_links_bg":"","ocean_menu_social_hover_links_bg":"","ocean_menu_social_links_color":"","ocean_menu_social_hover_links_color":"","ocean_disable_title":"default","ocean_disable_heading":"default","ocean_post_title":"","ocean_post_subheading":"","ocean_post_title_style":"","ocean_post_title_background_color":"","ocean_post_title_background":0,"ocean_post_title_bg_image_position":"","ocean_post_title_bg_image_attachment":"","ocean_post_title_bg_image_repeat":"","ocean_post_title_bg_image_size":"","ocean_post_title_height":0,"ocean_post_title_bg_overlay":0.5,"ocean_post_title_bg_overlay_color":"","ocean_disable_breadcrumbs":"default","ocean_breadcrumbs_color":"","ocean_breadcrumbs_separator_color":"","ocean_breadcrumbs_links_color":"","ocean_breadcrumbs_links_hover_color":"","ocean_display_footer_widgets":"default","ocean_display_footer_bottom":"default","ocean_custom_footer_template":"0","ocean_post_oembed":"","ocean_post_self_hosted_media":"","ocean_post_video_embed":"","ocean_link_format":"","ocean_link_format_target":"self","ocean_quote_format":"","ocean_quote_format_link":"post","ocean_gallery_link_images":"off","ocean_gallery_id":[],"footnotes":""},"categories":[1],"tags":[121,120,119,122,117,118],"class_list":["post-99","post","type-post","status-publish","format-standard","has-post-thumbnail","hentry","category-immobilien-allgemein","tag-gemeinschaftsmietvertrag","tag-haftung","tag-rechte-und-pflichten","tag-untermietvertrag","tag-wg","tag-wohngemeinschaften","entry","has-media"],"aioseo_notices":[],"_links":{"self":[{"href":"https:\/\/www.kirchner-immobilienbewertung.de\/blog\/wp-json\/wp\/v2\/posts\/99","targetHints":{"allow":["GET"]}}],"collection":[{"href":"https:\/\/www.kirchner-immobilienbewertung.de\/blog\/wp-json\/wp\/v2\/posts"}],"about":[{"href":"https:\/\/www.kirchner-immobilienbewertung.de\/blog\/wp-json\/wp\/v2\/types\/post"}],"author":[{"embeddable":true,"href":"https:\/\/www.kirchner-immobilienbewertung.de\/blog\/wp-json\/wp\/v2\/users\/3"}],"replies":[{"embeddable":true,"href":"https:\/\/www.kirchner-immobilienbewertung.de\/blog\/wp-json\/wp\/v2\/comments?post=99"}],"version-history":[{"count":4,"href":"https:\/\/www.kirchner-immobilienbewertung.de\/blog\/wp-json\/wp\/v2\/posts\/99\/revisions"}],"predecessor-version":[{"id":2885,"href":"https:\/\/www.kirchner-immobilienbewertung.de\/blog\/wp-json\/wp\/v2\/posts\/99\/revisions\/2885"}],"wp:featuredmedia":[{"embeddable":true,"href":"https:\/\/www.kirchner-immobilienbewertung.de\/blog\/wp-json\/wp\/v2\/media\/2884"}],"wp:attachment":[{"href":"https:\/\/www.kirchner-immobilienbewertung.de\/blog\/wp-json\/wp\/v2\/media?parent=99"}],"wp:term":[{"taxonomy":"category","embeddable":true,"href":"https:\/\/www.kirchner-immobilienbewertung.de\/blog\/wp-json\/wp\/v2\/categories?post=99"},{"taxonomy":"post_tag","embeddable":true,"href":"https:\/\/www.kirchner-immobilienbewertung.de\/blog\/wp-json\/wp\/v2\/tags?post=99"}],"curies":[{"name":"wp","href":"https:\/\/api.w.org\/{rel}","templated":true}]}}